{"id":21134,"date":"2024-05-11T07:00:24","date_gmt":"2024-05-11T11:00:24","guid":{"rendered":"https:\/\/www.semanariolocal.cl\/?p=21134"},"modified":"2024-05-12T00:23:45","modified_gmt":"2024-05-12T04:23:45","slug":"dirigentes-de-la-pesca-artesanal-de-san-juan-de-la-costa-exigen-atencion-a-sus-necesidades","status":"publish","type":"post","link":"https:\/\/www.semanariolocal.cl\/?p=21134","title":{"rendered":"Dirigentes de la pesca artesanal de San Juan de la Costa exigen atenci\u00f3n a sus necesidades"},"content":{"rendered":"\n<p>En un encuentro celebrado en Bah\u00eda Mansa, las autoridades regionales de la Subsecretar\u00eda de Pesca y Sernapesca, representadas por Juan Alberto Millaquen y Cristian Hudson Martignani respectivamente, se reunieron con los dirigentes de la pesca artesanal de San Juan de la Costa. En esta cita, los l\u00edderes pudieron exponer las necesidades y desaf\u00edos que enfrentan en la actualidad.<\/p>\n\n\n\n<p>Una de las solicitudes primordiales presentadas por los dirigentes fue la revisi\u00f3n de las caducidades de los recursos pesqueros aplicadas a los pescadores hist\u00f3ricos de Bah\u00eda Mansa durante el periodo de la Ley Longueira. Este punto, de alta sensibilidad para la comunidad pesquera, busca remediar situaciones que han afectado la estabilidad y el sustento de estos pescadores a lo largo del tiempo.<\/p>\n\n\n\n<p>Adem\u00e1s, se plante\u00f3 la necesidad de considerar en los registros de Sernapesca a los j\u00f3venes armadores de la regi\u00f3n que ya cuentan con sus embarcaciones, pero carecen de recursos pesqueros para llevar a cabo su labor. Esta inclusi\u00f3n permitir\u00eda a estos j\u00f3venes participar activamente en la industria pesquera, generando un impulso tanto econ\u00f3mico como social en la zona.<\/p>\n\n\n\n<p>El resultado m\u00e1s relevante de la reuni\u00f3n fue la decisi\u00f3n de conformar una mesa provincial de trabajo con la pesca artesanal. Esta mesa, que reunir\u00e1 a diversos actores del rubro, tiene como objetivo principal generar medidas concretas que mejoren las condiciones de trabajo y vida de los pescadores artesanales de San Juan de la Costa y de la provincia de Osorno en su conjunto.<\/p>\n\n\n\n<p>La creaci\u00f3n de esta mesa de trabajo representa un avance significativo en la b\u00fasqueda de soluciones colaborativas y consensuadas para los desaf\u00edos que enfrenta la pesca artesanal en la regi\u00f3n. Se espera que este espacio proporcione un canal efectivo de di\u00e1logo entre las autoridades, los dirigentes y los trabajadores del sector, permitiendo as\u00ed la implementaci\u00f3n de pol\u00edticas y acciones concretas que beneficien a la comunidad pesquera.<\/p>\n\n\n\n<p>La reuni\u00f3n, marcada por un ambiente de di\u00e1logo y colaboraci\u00f3n, reflej\u00f3 el compromiso de todas las partes involucradas en encontrar soluciones sostenibles y equitativas para los desaf\u00edos que enfrenta la pesca artesanal en la regi\u00f3n de San Juan de la Costa<\/p>\n","protected":false},"excerpt":{"rendered":"<p>El resultado m\u00e1s relevante de la reuni\u00f3n fue la decisi\u00f3n de conformar una mesa provincial de trabajo con la pesca artesanal. <\/p>\n","protected":false},"author":1,"featured_media":21135,"comment_status":"closed","ping_status":"closed","sticky":false,"template":"","format":"standard","meta":{"footnotes":""},"categories":[3,8,9],"tags":[337,273,1282,247,136,133],"class_list":["post-21134","post","type-post","status-publish","format-standard","has-post-thumbnail","hentry","category-al-dia","category-comunas","category-gobierno","tag-informacion","tag-noticias","tag-pesca-artesanal","tag-region-de-los-lagos","tag-san-juan-de-la-costa","tag-semanario-local"],"_links":{"self":[{"href":"https:\/\/www.semanariolocal.cl\/index.php?rest_route=\/wp\/v2\/posts\/21134","targetHints":{"allow":["GET"]}}],"collection":[{"href":"https:\/\/www.semanariolocal.cl\/index.php?rest_route=\/wp\/v2\/posts"}],"about":[{"href":"https:\/\/www.semanariolocal.cl\/index.php?rest_route=\/wp\/v2\/types\/post"}],"author":[{"embeddable":true,"href":"https:\/\/www.semanariolocal.cl\/index.php?rest_route=\/wp\/v2\/users\/1"}],"replies":[{"embeddable":true,"href":"https:\/\/www.semanariolocal.cl\/index.php?rest_route=%2Fwp%2Fv2%2Fcomments&post=21134"}],"version-history":[{"count":1,"href":"https:\/\/www.semanariolocal.cl\/index.php?rest_route=\/wp\/v2\/posts\/21134\/revisions"}],"predecessor-version":[{"id":21136,"href":"https:\/\/www.semanariolocal.cl\/index.php?rest_route=\/wp\/v2\/posts\/21134\/revisions\/21136"}],"wp:featuredmedia":[{"embeddable":true,"href":"https:\/\/www.semanariolocal.cl\/index.php?rest_route=\/wp\/v2\/media\/21135"}],"wp:attachment":[{"href":"https:\/\/www.semanariolocal.cl\/index.php?rest_route=%2Fwp%2Fv2%2Fmedia&parent=21134"}],"wp:term":[{"taxonomy":"category","embeddable":true,"href":"https:\/\/www.semanariolocal.cl\/index.php?rest_route=%2Fwp%2Fv2%2Fcategories&post=21134"},{"taxonomy":"post_tag","embeddable":true,"href":"https:\/\/www.semanariolocal.cl\/index.php?rest_route=%2Fwp%2Fv2%2Ftags&post=21134"}],"curies":[{"name":"wp","href":"https:\/\/api.w.org\/{rel}","templated":true}]}}