{"id":21128,"date":"2024-05-10T13:08:28","date_gmt":"2024-05-10T17:08:28","guid":{"rendered":"https:\/\/www.semanariolocal.cl\/?p=21128"},"modified":"2024-05-10T13:08:29","modified_gmt":"2024-05-10T17:08:29","slug":"un-nuevo-impulso-para-la-energia-solar","status":"publish","type":"post","link":"https:\/\/www.semanariolocal.cl\/?p=21128","title":{"rendered":"Un nuevo impulso para la energ\u00eda solar"},"content":{"rendered":"\n<p>El aumento del 41% en la generaci\u00f3n el\u00e9ctrica basada en Energ\u00edas Renovables No Convencionales (ERNC) refleja un paso significativo hacia una matriz energ\u00e9tica m\u00e1s sostenible y diversificada en el pa\u00eds. Espec\u00edficamente, el incremento del 13% en la generaci\u00f3n de energ\u00eda solar, durante el primer trimestre del a\u00f1o, demuestra el gran potencial de esta tecnolog\u00eda mostrando su viabilidad debido a la abundancia de recursos solares en el pa\u00eds y su capacidad para contribuir a la reducci\u00f3n de emisiones de gases de efecto invernadero.<\/p>\n\n\n\n<p>Las cifras publicadas por el Coordinador El\u00e9ctrico Nacional (CEN) son alentadoras no solo desde el punto de vista ambiental, sino tambi\u00e9n econ\u00f3mico, ya que el desarrollo de energ\u00edas renovables puede impulsar la creaci\u00f3n de empleo, fomentar la innovaci\u00f3n tecnol\u00f3gica y reducir la dependencia de los combustibles f\u00f3siles, contribuyendo as\u00ed a la seguridad energ\u00e9tica del pa\u00eds. De la misma manera, la integraci\u00f3n de microrredes inteligentes en zonas urbanas de nuestro pa\u00eds representa una oportunidad emocionante y prometedora en la transformaci\u00f3n del sector energ\u00e9tico.<\/p>\n\n\n\n<p>Sin embargo, es importante seguir avanzando en pol\u00edticas y medidas que promuevan a\u00fan m\u00e1s el desarrollo de las energ\u00edas renovables y aseguren su integraci\u00f3n efectiva en el sistema el\u00e9ctrico nacional. La transici\u00f3n hacia una matriz energ\u00e9tica m\u00e1s limpia y sustentable es un desaf\u00edo continuo que requiere de un compromiso firme tanto del sector p\u00fablico como del privado, pero los avances reflejados en este informe son un paso en la direcci\u00f3n correcta.<\/p>\n\n\n\n<p><strong>Juan Jos\u00e9 Negroni Vera<\/strong> &#8211; <strong>Decano Facultad de Ingenier\u00eda UST<\/strong><\/p>\n","protected":false},"excerpt":{"rendered":"<p>La transici\u00f3n hacia una matriz energ\u00e9tica m\u00e1s limpia y sustentable es un desaf\u00edo continuo que requiere de un compromiso firme tanto del sector p\u00fablico como del privado<\/p>\n","protected":false},"author":1,"featured_media":21129,"comment_status":"closed","ping_status":"closed","sticky":false,"template":"","format":"standard","meta":{"footnotes":""},"categories":[3,11,7],"tags":[2118,77,337,273,2802,247,133],"class_list":["post-21128","post","type-post","status-publish","format-standard","has-post-thumbnail","hentry","category-al-dia","category-educacion","category-opinion","tag-semanariolocal","tag-educacion","tag-informacion","tag-noticias","tag-opinion-4","tag-region-de-los-lagos","tag-semanario-local"],"_links":{"self":[{"href":"https:\/\/www.semanariolocal.cl\/index.php?rest_route=\/wp\/v2\/posts\/21128","targetHints":{"allow":["GET"]}}],"collection":[{"href":"https:\/\/www.semanariolocal.cl\/index.php?rest_route=\/wp\/v2\/posts"}],"about":[{"href":"https:\/\/www.semanariolocal.cl\/index.php?rest_route=\/wp\/v2\/types\/post"}],"author":[{"embeddable":true,"href":"https:\/\/www.semanariolocal.cl\/index.php?rest_route=\/wp\/v2\/users\/1"}],"replies":[{"embeddable":true,"href":"https:\/\/www.semanariolocal.cl\/index.php?rest_route=%2Fwp%2Fv2%2Fcomments&post=21128"}],"version-history":[{"count":1,"href":"https:\/\/www.semanariolocal.cl\/index.php?rest_route=\/wp\/v2\/posts\/21128\/revisions"}],"predecessor-version":[{"id":21130,"href":"https:\/\/www.semanariolocal.cl\/index.php?rest_route=\/wp\/v2\/posts\/21128\/revisions\/21130"}],"wp:featuredmedia":[{"embeddable":true,"href":"https:\/\/www.semanariolocal.cl\/index.php?rest_route=\/wp\/v2\/media\/21129"}],"wp:attachment":[{"href":"https:\/\/www.semanariolocal.cl\/index.php?rest_route=%2Fwp%2Fv2%2Fmedia&parent=21128"}],"wp:term":[{"taxonomy":"category","embeddable":true,"href":"https:\/\/www.semanariolocal.cl\/index.php?rest_route=%2Fwp%2Fv2%2Fcategories&post=21128"},{"taxonomy":"post_tag","embeddable":true,"href":"https:\/\/www.semanariolocal.cl\/index.php?rest_route=%2Fwp%2Fv2%2Ftags&post=21128"}],"curies":[{"name":"wp","href":"https:\/\/api.w.org\/{rel}","templated":true}]}}