{"id":21104,"date":"2024-05-09T19:26:26","date_gmt":"2024-05-09T23:26:26","guid":{"rendered":"https:\/\/www.semanariolocal.cl\/?p=21104"},"modified":"2024-05-09T19:29:31","modified_gmt":"2024-05-09T23:29:31","slug":"segegob-los-lagos-capacito-a-representantes-de-organizaciones-de-la-provincia-de-osorno","status":"publish","type":"post","link":"https:\/\/www.semanariolocal.cl\/?p=21104","title":{"rendered":"Segegob Los Lagos capacit\u00f3 a representantes de organizaciones de la provincia de Osorno"},"content":{"rendered":"\n<p>En un trabajo en conjunto con el Servicio de Salud de Osorno, la Divisi\u00f3n de Organizaciones Sociales de la Secretar\u00eda General de Gobierno (Segegob) de Los Lagos realiz\u00f3 el ciclo de formaci\u00f3n social \u201cEscuela de Oto\u00f1o para Dirigencias Sociales de Osorno\u201d, que cont\u00f3 con la participaci\u00f3n de 68 dirigentas y dirigentes de todas las comunas de la provincia. Las personas beneficiadas con estas capacitaciones est\u00e1n vinculadas a organizaciones de distintos centros de salud.<\/p>\n\n\n\n<p>Las jornadas se llevaron a cabo los d\u00edas 06, 13, 20 y 27 de abril de 2024 y se impartieron 7 m\u00f3dulos enfocados al fortalecimiento de las entidades sociales, entregando conocimientos en formulaci\u00f3n de proyectos, planificaci\u00f3n comunitaria, diagn\u00f3stico social y territorial y en materia comunicacional y digital.<\/p>\n\n\n\n<p>La seremi de Gobierno de Los Lagos, Danitza Ortiz Viveros, destac\u00f3 el \u00e9xito de esta actividad. \u201cEste es un ejemplo contundente de c\u00f3mo las instituciones pueden impactar positivamente a las organizaciones sociales cuando colaboran en conjunto en pos de un bien com\u00fan. Este ciclo de capacitaciones nos permiti\u00f3 entregar herramientas concretas a las dirigencias para hacer un trabajo m\u00e1s eficiente, m\u00e1s \u00e1gil y m\u00e1s profesionalizado. La Escuela de Dirigencias de Osorno nos pone muy contentos y contentas, porque permite llegar a las organizaciones con acciones concretas para hacer que los territorios sean m\u00e1s participativos, m\u00e1s democr\u00e1ticos y m\u00e1s organizados\u201d, se\u00f1al\u00f3.<\/p>\n\n\n\n<p>Una de las participantes, Mar\u00eda Teresa Valderas Navarro, de la Junta de Vecinos N\u00b0 1 de la poblaci\u00f3n Alday de Osorno, manifest\u00f3 su satisfacci\u00f3n con esta Escuela de Oto\u00f1o. \u201cLa encuentro super buena para nosotros como dirigentes, porque nos va a ayudar mucho en cuanto a la postulaci\u00f3n a los proyectos. Hay cosas que desconoc\u00edamos, por lo que es muy importante la charla que estamos recibiendo. Nunca est\u00e1 de m\u00e1s aprender y todo va cambiando\u201d, indic\u00f3.<\/p>\n\n\n\n<p>Durante los encuentros de cada s\u00e1bado, la propia seremi de Gobierno, Danitza Ortiz Viveros, dict\u00f3 parte de los m\u00f3dulos y tambi\u00e9n particip\u00f3 la delegada presidencial provincial de Osorno, Claudia Pailalef Montiel, y el director del Servicio de Salud de Osorno, Rodrigo Alarc\u00f3n Quesem.<\/p>\n","protected":false},"excerpt":{"rendered":"<p>Las jornadas se llevaron a cabo los d\u00edas 06, 13, 20 y 27 de abril de 2024 y se impartieron 7 m\u00f3dulos enfocados al fortalecimiento de las entidades sociales<\/p>\n","protected":false},"author":1,"featured_media":21105,"comment_status":"closed","ping_status":"closed","sticky":false,"template":"","format":"standard","meta":{"footnotes":""},"categories":[3,9],"tags":[2118,337,273,247,133],"class_list":["post-21104","post","type-post","status-publish","format-standard","has-post-thumbnail","hentry","category-al-dia","category-gobierno","tag-semanariolocal","tag-informacion","tag-noticias","tag-region-de-los-lagos","tag-semanario-local"],"_links":{"self":[{"href":"https:\/\/www.semanariolocal.cl\/index.php?rest_route=\/wp\/v2\/posts\/21104","targetHints":{"allow":["GET"]}}],"collection":[{"href":"https:\/\/www.semanariolocal.cl\/index.php?rest_route=\/wp\/v2\/posts"}],"about":[{"href":"https:\/\/www.semanariolocal.cl\/index.php?rest_route=\/wp\/v2\/types\/post"}],"author":[{"embeddable":true,"href":"https:\/\/www.semanariolocal.cl\/index.php?rest_route=\/wp\/v2\/users\/1"}],"replies":[{"embeddable":true,"href":"https:\/\/www.semanariolocal.cl\/index.php?rest_route=%2Fwp%2Fv2%2Fcomments&post=21104"}],"version-history":[{"count":1,"href":"https:\/\/www.semanariolocal.cl\/index.php?rest_route=\/wp\/v2\/posts\/21104\/revisions"}],"predecessor-version":[{"id":21106,"href":"https:\/\/www.semanariolocal.cl\/index.php?rest_route=\/wp\/v2\/posts\/21104\/revisions\/21106"}],"wp:featuredmedia":[{"embeddable":true,"href":"https:\/\/www.semanariolocal.cl\/index.php?rest_route=\/wp\/v2\/media\/21105"}],"wp:attachment":[{"href":"https:\/\/www.semanariolocal.cl\/index.php?rest_route=%2Fwp%2Fv2%2Fmedia&parent=21104"}],"wp:term":[{"taxonomy":"category","embeddable":true,"href":"https:\/\/www.semanariolocal.cl\/index.php?rest_route=%2Fwp%2Fv2%2Fcategories&post=21104"},{"taxonomy":"post_tag","embeddable":true,"href":"https:\/\/www.semanariolocal.cl\/index.php?rest_route=%2Fwp%2Fv2%2Ftags&post=21104"}],"curies":[{"name":"wp","href":"https:\/\/api.w.org\/{rel}","templated":true}]}}