{"id":21101,"date":"2024-05-09T19:16:47","date_gmt":"2024-05-09T23:16:47","guid":{"rendered":"https:\/\/www.semanariolocal.cl\/?p=21101"},"modified":"2024-05-09T19:16:48","modified_gmt":"2024-05-09T23:16:48","slug":"fondo-nacional-del-adulto-mayor-cuenta-con-mas-de-4-mil-millones-para-organizaciones-afines","status":"publish","type":"post","link":"https:\/\/www.semanariolocal.cl\/?p=21101","title":{"rendered":"Fondo Nacional del Adulto Mayor cuenta con m\u00e1s de 4 mil millones para organizaciones afines"},"content":{"rendered":"\n<p>La coordinadora Regional del SENAMA, Evelyn Valenzuela junto al Seremi de Desarrollo Social y Familia, Enzo Jaramillo Hott informaron detalles de las postulaciones al Fondo Nacional del Adulto Mayor 2024, el cual financia proyectos ideados, elaborados y desarrollados por organizaciones de personas mayores.<\/p>\n\n\n\n<p>Este es uno de los programas m\u00e1s emblem\u00e1ticos del Servicio Nacional del Adulto Mayor y contribuye a promover la autogesti\u00f3n de las organizaciones de personas mayores, ya sean clubes de adulto mayor, uniones comunales, federaciones o confederaciones provinciales, regionales o nacionales, y otras organizaciones no adscritas a la Ley N\u00b019.418.<\/p>\n\n\n\n<p>\u201cEste se trata de un fondo de gran importancia para nuestro ministerio ya que la participaci\u00f3n contribuye a un envejecimiento digno, activo y saludable y a mejorar la calidad de vida de este segmento de la poblaci\u00f3n, porque conecta a las personas mayores con sus pares y con las redes de apoyo local. Invitamos a todas las personas mayores organizadas a postular y a difundir con sus pares esta iniciativa\u201d enfatiz\u00f3 el Seremi de Desarrollo Social y Familia, Enzo Jaramillo Hott.<\/p>\n\n\n\n<p>Por su parte la Coordinadora Regional de SENAMA, Evelyn Valenzuela \u201ccomo coordinaci\u00f3n regional estamos recorriendo las cuatro provincias de la regi\u00f3n para trabajar con las uniones comunales y poder no solo fomentar la participaci\u00f3n, si no tambi\u00e9n poder asesorarlos. Debemos recordar que en Chile las organizaciones de personas mayores son de las m\u00e1s altas, por lo tanto, es una responsabilidad apoyarlas y fomentar la creaci\u00f3n de nuevas organizaciones. Nos interesa escuchar sus dudas, el an\u00e1lisis y diagn\u00f3stico que tienen de sus propias organizaciones, muchas de las postulaciones tienen que ver con mejorar la calidad de vida y\/o ayudar en su econom\u00eda, sabemos que las pensiones son bajas y que para nuestro Gobierno es una prioridad subirlas. La organizaci\u00f3n social es una forma de relacionarse, esta debe ser mirada con atenci\u00f3n y la responsabilidad social que amerita\u201d.<\/p>\n\n\n\n<p>Para este a\u00f1o el fondo cuenta con recursos que alcanzan los $4.400 millones. Las postulaciones, abiertas hasta el 24 de mayo, se pueden realizar de manera digital en <a href=\"http:\/\/www.senama.gob.cl\">www.senama.gob.cl<\/a> . En esta plataforma las organizaciones deber\u00e1n completar el \u201cFormulario de presentaci\u00f3n de proyectos\u201d, contando con el \u201cManual de Apoyo a la Postulaci\u00f3n\u201d para guiarlos. Tambi\u00e9n se puede realizar manera presencial en la coordinaci\u00f3n regional del SENAMA ubicada en Madre Paulina N\u00b0349, Puerto Montt.<\/p>\n","protected":false},"excerpt":{"rendered":"<p>Las postulaciones se extender\u00e1n hasta el 24 de mayo, a trav\u00e9s de la p\u00e1gina web www.senama.gob.cl.<\/p>\n","protected":false},"author":1,"featured_media":21102,"comment_status":"closed","ping_status":"closed","sticky":false,"template":"","format":"standard","meta":{"footnotes":""},"categories":[3,9],"tags":[2118,3054,337,273,247,133,887],"class_list":["post-21101","post","type-post","status-publish","format-standard","has-post-thumbnail","hentry","category-al-dia","category-gobierno","tag-semanariolocal","tag-fondo-nacional-del-adulto-mayor","tag-informacion","tag-noticias","tag-region-de-los-lagos","tag-semanario-local","tag-senama"],"_links":{"self":[{"href":"https:\/\/www.semanariolocal.cl\/index.php?rest_route=\/wp\/v2\/posts\/21101","targetHints":{"allow":["GET"]}}],"collection":[{"href":"https:\/\/www.semanariolocal.cl\/index.php?rest_route=\/wp\/v2\/posts"}],"about":[{"href":"https:\/\/www.semanariolocal.cl\/index.php?rest_route=\/wp\/v2\/types\/post"}],"author":[{"embeddable":true,"href":"https:\/\/www.semanariolocal.cl\/index.php?rest_route=\/wp\/v2\/users\/1"}],"replies":[{"embeddable":true,"href":"https:\/\/www.semanariolocal.cl\/index.php?rest_route=%2Fwp%2Fv2%2Fcomments&post=21101"}],"version-history":[{"count":1,"href":"https:\/\/www.semanariolocal.cl\/index.php?rest_route=\/wp\/v2\/posts\/21101\/revisions"}],"predecessor-version":[{"id":21103,"href":"https:\/\/www.semanariolocal.cl\/index.php?rest_route=\/wp\/v2\/posts\/21101\/revisions\/21103"}],"wp:featuredmedia":[{"embeddable":true,"href":"https:\/\/www.semanariolocal.cl\/index.php?rest_route=\/wp\/v2\/media\/21102"}],"wp:attachment":[{"href":"https:\/\/www.semanariolocal.cl\/index.php?rest_route=%2Fwp%2Fv2%2Fmedia&parent=21101"}],"wp:term":[{"taxonomy":"category","embeddable":true,"href":"https:\/\/www.semanariolocal.cl\/index.php?rest_route=%2Fwp%2Fv2%2Fcategories&post=21101"},{"taxonomy":"post_tag","embeddable":true,"href":"https:\/\/www.semanariolocal.cl\/index.php?rest_route=%2Fwp%2Fv2%2Ftags&post=21101"}],"curies":[{"name":"wp","href":"https:\/\/api.w.org\/{rel}","templated":true}]}}