{"id":21093,"date":"2024-05-09T18:40:35","date_gmt":"2024-05-09T22:40:35","guid":{"rendered":"https:\/\/www.semanariolocal.cl\/?p=21093"},"modified":"2024-05-09T18:43:19","modified_gmt":"2024-05-09T22:43:19","slug":"servicio-de-salud-osorno-rindio-su-cuenta-publica-gestion-2023-ante-mas-de-300-personas","status":"publish","type":"post","link":"https:\/\/www.semanariolocal.cl\/?p=21093","title":{"rendered":"Servicio de Salud\u00a0Osorno\u00a0rindi\u00f3 su\u00a0Cuenta\u00a0P\u00fablica\u00a0-Gesti\u00f3n\u00a02023- ante m\u00e1s de 300 personas"},"content":{"rendered":"\n<p>El Servicio de Salud&nbsp;Osorno&nbsp;(SSO), como instituci\u00f3n a cargo de la articulaci\u00f3n, gesti\u00f3n y desarrollo de la Red Asistencial de su territorio provincial, rindi\u00f3 este 08 de mayo su&nbsp;Cuenta&nbsp;P\u00fablica&nbsp;Participativa -Gesti\u00f3n A\u00f1o&nbsp;2023- a cargo de su director, Rodrigo Alarc\u00f3n Quesem, balance anual que se realiz\u00f3 en dependencias del Hotel Sonesta.<\/p>\n\n\n\n<p>La actividad cont\u00f3 con la asistencia de m\u00e1s de 300 personas, incluyendo autoridades, diversos representantes de la comunidad organizada, sociedad civil y de distintas instituciones, pueblos originarios, funcionarios (as), actividad que tuvo una positiva recepci\u00f3n de parte de la audiencia y que culmin\u00f3 con un espacio de retroalimentaci\u00f3n.<\/p>\n\n\n<div class=\"wp-block-image\">\n<figure class=\"alignleft size-large is-resized\"><img loading=\"lazy\" decoding=\"async\" width=\"473\" height=\"600\" src=\"https:\/\/www.semanariolocal.cl\/wp-content\/uploads\/2024\/05\/salud2-473x600.jpg\" alt=\"\" class=\"wp-image-21097\" style=\"width:338px;height:auto\" srcset=\"https:\/\/www.semanariolocal.cl\/wp-content\/uploads\/2024\/05\/salud2-473x600.jpg 473w, https:\/\/www.semanariolocal.cl\/wp-content\/uploads\/2024\/05\/salud2-237x300.jpg 237w, https:\/\/www.semanariolocal.cl\/wp-content\/uploads\/2024\/05\/salud2-768x974.jpg 768w, https:\/\/www.semanariolocal.cl\/wp-content\/uploads\/2024\/05\/salud2-1212x1536.jpg 1212w, https:\/\/www.semanariolocal.cl\/wp-content\/uploads\/2024\/05\/salud2-1616x2048.jpg 1616w, https:\/\/www.semanariolocal.cl\/wp-content\/uploads\/2024\/05\/salud2-1200x1521.jpg 1200w, https:\/\/www.semanariolocal.cl\/wp-content\/uploads\/2024\/05\/salud2-scaled.jpg 2019w\" sizes=\"auto, (max-width: 473px) 100vw, 473px\" \/><\/figure>\n<\/div>\n\n\n<p>En la oportunidad, el Director del SSO realiz\u00f3 un recuento del cometido institucional y sus dispositivos durante el a\u00f1o pasado, repasando el trabajo realizado en los diferentes \u00e1mbitos, entre los que figuran que las principales consultas de urgencia la encabezan las respiratorias (32%), traumatismo (12%) y sistema circulatorio (3%); mientras que las principales causas de fallecimiento del 2023 fueron sistema circulatorio (25%), tumores (19%), sistema respiratorio (11%) y sistema digestivo (9%).<\/p>\n\n\n\n<p>Respecto al total de consultas m\u00e9dicas en atenci\u00f3n primaria ascendieron a 175.396, mientras que las consultas m\u00e9dicas de especialista llegaron a 175.085. En cuanto a cirug\u00edas realizadas (mayores y menores), ascendieron a 18.945, mientras que los procedimientos fueron&nbsp;353.423.&nbsp;Asimismo, las Garant\u00edas Expl\u00edcitas en Salud (GES) atendidas fueron de&nbsp;81.524, representando un&nbsp;99,98%&nbsp;de cumplimiento; mientras que las atenciones de SAMU llegaron a&nbsp;8.669.<\/p>\n\n\n\n<p>La rendici\u00f3n tambi\u00e9n incluy\u00f3 un repaso de acciones y atenciones de salud mental, ex\u00e1menes, listas de espera, atenciones domiciliarias, programas de prevenci\u00f3n, promoci\u00f3n y recuperaci\u00f3n por ciclo vital, inmunizaciones, telesalud, acreditaci\u00f3n de calidad de establecimientos. Tambi\u00e9n se mostraron las inversiones (sectoriales y con fondos regionales), equipamientos, obras, proyectos, cifras oficina OIRS, interculturalidad, trato usuario, participaci\u00f3n ciudadana, entre otras materias.<\/p>\n\n\n\n<p>Por otro lado, entre los desaf\u00edos aparece el seguir fortaleciendo la prevenci\u00f3n y promoci\u00f3n de salud, as\u00ed como la participaci\u00f3n ciudadana, el autocuidado de la poblaci\u00f3n, aumentar la eficiencia para resoluci\u00f3n de lista de espera, fortalecer la red de salud mental, entre otros; adem\u00e1s de futuros proyectos de inversiones como Cosam Rahue, Cesfam con SAR Rahue, ambulancias, postas modulares; y proyectos de inversiones de mediano plazo como nuevos hospitales para Purranque, R\u00edo Negro, Puerto Octay y Osorno.<\/p>\n\n\n\n<p><strong>Reacciones<\/strong><\/p>\n\n\n\n<p>Tras la presentaci\u00f3n, el director del SSO, Rodrigo Alarc\u00f3n, coment\u00f3 que \u201csomos un servicio que tiene un buen nivel de producci\u00f3n, de actividad, una buena relaci\u00f3n con sus vecinos, un buen nivel de participaci\u00f3n ciudadana, una buena impronta de respeto a la interculturalidad e ir incorpor\u00e1ndola cada vez m\u00e1s. El balance es que hemos llegado a un punto donde necesitamos crecer, crecer en cantidad de hospitales nuevos\u201d.<\/p>\n\n\n\n<p>\u201cPero tambi\u00e9n destacar que esto no es posible sin el apoyo del autocuidado de la comunidad. La comunidad tiene mucho que decir con sus h\u00e1bitos y en ese sentido el llamado siempre va a ser a tomar las acciones de protecci\u00f3n, vacunaci\u00f3n, ex\u00e1menes preventivos y diagn\u00f3stico precoz, cuidarse\u201d, recalc\u00f3 el directivo.<\/p>\n\n\n\n<p>Y agreg\u00f3 que \u201csentimos que fue un a\u00f1o de avance, fue un a\u00f1o de despegue, hay que volver a despegar, retomar las inversiones, retomar el cuidado, hay que retomar las tareas que ten\u00edamos, que ven\u00edamos avanzando desde mucho antes, as\u00ed que agradecido de todos quienes nos acompa\u00f1aron\u201d.<\/p>\n\n\n\n<p>Por su parte, la seremi de Salud, Karin Sol\u00eds, junto con dedicarle un saludo a todos los presentes y destacar el rol de la participaci\u00f3n para el sector, expres\u00f3 que \u201cqueremos saludar a los equipos y al director del servicio de salud, felicitarlo por esta impecable cuenta p\u00fablica y, a trav\u00e9s de \u00e9l, a todos los funcionarios, directivos, a los referentes de programas, a todos quienes desarrollan las prestaciones en cada establecimiento de la provincia de Osorno, a los gremios, a todos los presentes en la construcci\u00f3n de este di\u00e1logo permanente, a todas y todos quienes representan este lindo territorio, entregarles mi m\u00e1s afectuoso saludo y entregarles el saludo de nuestra ministra\u201d.<\/p>\n\n\n\n<p>En tanto, la delegada presidencial provincial, Claudia Pailalef, destac\u00f3 el trabajo de todas las organizaciones sociales que fortalecen el trabajo de la red de salud, subrayando que \u201cla salud es uno de los pilares fundamentales para el gobierno del Presidente Gabriel Boric. Se ha podido reactivar una cartera fundamental para las siete comunas de la provincia, con se\u00f1ales concretas, como por ejemplo en ejecuci\u00f3n de obras, otras que ver\u00e1n los propios vecinos en sus respectivos territorios, as\u00ed lo que ha se\u00f1alado el director del servicio son buenas noticias para todos y todas\u201d.<\/p>\n\n\n\n<p>De parte de la comunidad organizada, la representante del Consejo de la Sociedad Civil en Salud de la provincia, Doris Garnica, manifest\u00f3 que \u201cla cuenta fue buena, s\u00faper completa, muy claro el se\u00f1or director, tambi\u00e9n los avances que se han hecho en este \u00faltimo tiempo en salud son muy prometedores, por ejemplo hay obras que se estaban esperando de antes de la pandemia, muy bueno que se inicien las obras, as\u00ed que es bueno para la salud de la provincia y la participaci\u00f3n de la gente tambi\u00e9n es s\u00faper importante\u201d.<\/p>\n\n\n\n<p>Asimismo, la presidenta del Consejo de Pueblos Originarios en Salud de la provincia, Elizabeth Sandoval, valor\u00f3 la labor de todos los consejos consultivos y de desarrollo, destacando la importancia de seguir avanzando en materia de salud intercultural, atenci\u00f3n con pertinencia y proyectos.<\/p>\n\n\n\n<p>Pr\u00f3ximamente el informe de esta Cuenta P\u00fablica ser\u00e1 subida al sitio web del SSO&nbsp;<a href=\"https:\/\/ssosorno.cl\/\" target=\"_blank\" rel=\"noreferrer noopener\">https:\/\/ssosorno.cl\/<\/a><\/p>\n","protected":false},"excerpt":{"rendered":"<p>El balance anual a cargo del Director Rodrigo Alarc\u00f3n cont\u00f3 con la asistencia de diversas autoridades y representantes de la sociedad civil.<\/p>\n","protected":false},"author":1,"featured_media":21094,"comment_status":"closed","ping_status":"closed","sticky":false,"template":"","format":"standard","meta":{"footnotes":""},"categories":[3,9,2484],"tags":[2118,337,273,132,247,3053,133,2671],"class_list":["post-21093","post","type-post","status-publish","format-standard","has-post-thumbnail","hentry","category-al-dia","category-gobierno","category-salud","tag-semanariolocal","tag-informacion","tag-noticias","tag-osorno","tag-region-de-los-lagos","tag-rodrigo-alarcon-quesem","tag-semanario-local","tag-servicio-salud-de-osorno"],"_links":{"self":[{"href":"https:\/\/www.semanariolocal.cl\/index.php?rest_route=\/wp\/v2\/posts\/21093","targetHints":{"allow":["GET"]}}],"collection":[{"href":"https:\/\/www.semanariolocal.cl\/index.php?rest_route=\/wp\/v2\/posts"}],"about":[{"href":"https:\/\/www.semanariolocal.cl\/index.php?rest_route=\/wp\/v2\/types\/post"}],"author":[{"embeddable":true,"href":"https:\/\/www.semanariolocal.cl\/index.php?rest_route=\/wp\/v2\/users\/1"}],"replies":[{"embeddable":true,"href":"https:\/\/www.semanariolocal.cl\/index.php?rest_route=%2Fwp%2Fv2%2Fcomments&post=21093"}],"version-history":[{"count":2,"href":"https:\/\/www.semanariolocal.cl\/index.php?rest_route=\/wp\/v2\/posts\/21093\/revisions"}],"predecessor-version":[{"id":21098,"href":"https:\/\/www.semanariolocal.cl\/index.php?rest_route=\/wp\/v2\/posts\/21093\/revisions\/21098"}],"wp:featuredmedia":[{"embeddable":true,"href":"https:\/\/www.semanariolocal.cl\/index.php?rest_route=\/wp\/v2\/media\/21094"}],"wp:attachment":[{"href":"https:\/\/www.semanariolocal.cl\/index.php?rest_route=%2Fwp%2Fv2%2Fmedia&parent=21093"}],"wp:term":[{"taxonomy":"category","embeddable":true,"href":"https:\/\/www.semanariolocal.cl\/index.php?rest_route=%2Fwp%2Fv2%2Fcategories&post=21093"},{"taxonomy":"post_tag","embeddable":true,"href":"https:\/\/www.semanariolocal.cl\/index.php?rest_route=%2Fwp%2Fv2%2Ftags&post=21093"}],"curies":[{"name":"wp","href":"https:\/\/api.w.org\/{rel}","templated":true}]}}