{"id":21018,"date":"2024-05-05T15:30:00","date_gmt":"2024-05-05T19:30:00","guid":{"rendered":"https:\/\/www.semanariolocal.cl\/?p=21018"},"modified":"2024-05-06T22:27:57","modified_gmt":"2024-05-07T02:27:57","slug":"las-dos-p-patria-y-peulla","status":"publish","type":"post","link":"https:\/\/www.semanariolocal.cl\/?p=21018","title":{"rendered":"Las dos \u201cP\u201d: Patria y Peulla"},"content":{"rendered":"\n<p>La patria, suele designar al lugar natal o adoptivo al que un individuo se siente ligado por v\u00ednculos de diversas \u00edndoles, como afectivos, culturales, hist\u00f3ricos o familiares.<\/p>\n\n\n\n<p>Hoy en nuestra comuna tenemos alrededor de 150 vecinos haciendo Patria en nuestro sector de Peulla, ubicado a 90 kil\u00f3metros de Puerto Varas (Regi\u00f3n de Los Lagos), donde casi la totalidad de las familias viven del turismo. Un rubro que tiene una tremenda historia, que es bueno recordar y que debemos sentirnos orgullosos de contar con este precioso lugar, que se mantiene en pie por hombres y mujeres de bien que habitan en esas instalaciones.<\/p>\n\n\n\n<p>Para un emprendedor, el hacer patria es ayudar al pa\u00eds a crecer, a innovar, a generar empleo, a trabajar de lunes a domingo, a levantarse temprano a pagar impuestos que ayudan al desarrollo econ\u00f3mico del pa\u00eds. Tambi\u00e9n, al contratar una o m\u00e1s personas, ayuda a toda una familia a salir adelante, en un sector donde adem\u00e1s de ser complejo geogr\u00e1ficamente es un gran desaf\u00edo sostenerse. Eso, es hacer patria.<\/p>\n\n\n\n<p>Alberto Schirmer, chileno-suizo y nieto de Ricardo Roth, un aventurero suizo que lleg\u00f3 a Chile en 1913, \u00e9poca donde compr\u00f3 la compa\u00f1\u00eda Chile-Argentina, Andina Sud que se estaba yendo a la quiebra por la construcci\u00f3n del Canal de Panam\u00e1.<\/p>\n\n\n\n<p>Ricardo Roth transform\u00f3 dicha compa\u00f1\u00eda de car\u00e1cter comercial a una tur\u00edstica llamada: Andina del Sud, una de las primeras empresas chilenas dirigidas 100% al turismo, que hasta hoy, mediante Turistour est\u00e1 a cargo de llevar y traer en catamar\u00e1n a turistas por el conocido Cruce Andino que une Puerto Varas con Bariloche por el lago Todos los Santos. Un tesoro natural que, por sugerencia del propio Ricardo Roth, pas\u00f3 a ser protegido en 1926, cuando Peulla y sus alrededores quedaron insertos en el primer parque nacional de Chile: Vicente P\u00e9rez Rosales.<\/p>\n\n\n\n<p>Fue uno de los primeros eco-hoteles de Chile, convirti\u00e9ndose en destino recurrente para amantes de la naturaleza, donde a\u00fan prima la tranquilidad y la comodidad.<\/p>\n\n\n\n<p>Por aqu\u00ed pasaron personajes del siglo XX, como Pablo Neruda y los presidentes Carlos Ib\u00e1\u00f1ez y hasta Franklin Roosevelt quien fue el 32\u00ba Presidente de los Estados Unidos.<\/p>\n\n\n\n<p>Hoy toda esta historia y esfuerzo hecho durante a\u00f1os est\u00e1 en riesgo debido a los cierres fronterizos en donde los mismos pobladores de Peulla dudan de los \u00faltimos informes que plantean riesgo en el sector y que tienen al SAG (Servicio Agr\u00edcola y Ganadero) sin querer volver a sus funciones, las cuales son vitales para la subsistencia de los emprendedores y familias que all\u00ed residen.<\/p>\n\n\n\n<p>Dejemos en claro que hoy la \u00fanica certeza que tienen estos emprendedores que hacen Patria, es que deben pagar sueldos, pero viven con la incertidumbre de tener ingresos para ese objetivo.<\/p>\n\n\n\n<p>Hacemos un llamado a todos los \u00f3rganos del Estado, para que habiliten la frontera a la brevedad, y que, si hay situaciones que subsanar se hagan con el paso Peulla abierto, porque estamos arriesgando que m\u00e1s de 100 a\u00f1os de sudor y trabajo se conviertan en vestigios para las pr\u00f3ximas generaciones.<\/p>\n\n\n\n<p><strong>Antonio Horn<\/strong> &#8211; <strong>Concejal de Puerto Varas<\/strong><\/p>\n","protected":false},"excerpt":{"rendered":"<p>Por aqu\u00ed pasaron personajes del siglo XX, como Pablo Neruda y los presidentes Carlos Ib\u00e1\u00f1ez y hasta Franklin Roosevelt quien fue el 32\u00ba Presidente de los Estados Unidos.<\/p>\n","protected":false},"author":1,"featured_media":21019,"comment_status":"closed","ping_status":"closed","sticky":false,"template":"","format":"standard","meta":{"footnotes":""},"categories":[3,8,7,6,2483,2747],"tags":[2118,1034,337,273,3022,79,247,133],"class_list":["post-21018","post","type-post","status-publish","format-standard","has-post-thumbnail","hentry","category-al-dia","category-comunas","category-opinion","category-politica","category-region","category-turismo","tag-semanariolocal","tag-antonio-horn","tag-informacion","tag-noticias","tag-peulla","tag-puerto-varas","tag-region-de-los-lagos","tag-semanario-local"],"_links":{"self":[{"href":"https:\/\/www.semanariolocal.cl\/index.php?rest_route=\/wp\/v2\/posts\/21018","targetHints":{"allow":["GET"]}}],"collection":[{"href":"https:\/\/www.semanariolocal.cl\/index.php?rest_route=\/wp\/v2\/posts"}],"about":[{"href":"https:\/\/www.semanariolocal.cl\/index.php?rest_route=\/wp\/v2\/types\/post"}],"author":[{"embeddable":true,"href":"https:\/\/www.semanariolocal.cl\/index.php?rest_route=\/wp\/v2\/users\/1"}],"replies":[{"embeddable":true,"href":"https:\/\/www.semanariolocal.cl\/index.php?rest_route=%2Fwp%2Fv2%2Fcomments&post=21018"}],"version-history":[{"count":1,"href":"https:\/\/www.semanariolocal.cl\/index.php?rest_route=\/wp\/v2\/posts\/21018\/revisions"}],"predecessor-version":[{"id":21020,"href":"https:\/\/www.semanariolocal.cl\/index.php?rest_route=\/wp\/v2\/posts\/21018\/revisions\/21020"}],"wp:featuredmedia":[{"embeddable":true,"href":"https:\/\/www.semanariolocal.cl\/index.php?rest_route=\/wp\/v2\/media\/21019"}],"wp:attachment":[{"href":"https:\/\/www.semanariolocal.cl\/index.php?rest_route=%2Fwp%2Fv2%2Fmedia&parent=21018"}],"wp:term":[{"taxonomy":"category","embeddable":true,"href":"https:\/\/www.semanariolocal.cl\/index.php?rest_route=%2Fwp%2Fv2%2Fcategories&post=21018"},{"taxonomy":"post_tag","embeddable":true,"href":"https:\/\/www.semanariolocal.cl\/index.php?rest_route=%2Fwp%2Fv2%2Ftags&post=21018"}],"curies":[{"name":"wp","href":"https:\/\/api.w.org\/{rel}","templated":true}]}}