{"id":21007,"date":"2024-05-06T07:55:00","date_gmt":"2024-05-06T11:55:00","guid":{"rendered":"https:\/\/www.semanariolocal.cl\/?p=21007"},"modified":"2024-05-06T17:49:33","modified_gmt":"2024-05-06T21:49:33","slug":"con-un-lleno-total-partio-el-mes-del-teatro-en-osorno","status":"publish","type":"post","link":"https:\/\/www.semanariolocal.cl\/?p=21007","title":{"rendered":"Con un lleno total parti\u00f3 el \u201cMes del Teatro\u201d en Osorno"},"content":{"rendered":"\n<p>Un amplio respaldo de la comunidad tuvo la primera obra del \u201cMes del Teatro\u201d organizado por la Fundaci\u00f3n Territorio Teatral y la Corporaci\u00f3n Cultural Municipal.<\/p>\n\n\n\n<p>El trabajo de Territorio Teatral busca el fortalecimiento del teatro y llegar a nuevas audiencias, como parte de un proyecto financiado por el Programa de Apoyo a Organizaciones Culturales Colaboradoras (PAOCC) del Ministerio de las Culturas, las Artes y el Patrimonio.<\/p>\n\n\n\n<p>La obra familiar presentada este s\u00e1bado 4 de mayo marca un importante inicio al ciclo que se realizar\u00e1 en la comuna indic\u00f3 la Co- Directora de Territorio Teatral, Daniela Carrillo.<\/p>\n\n\n\n<p><em>\u201cEstamos s\u00faper contentos como Territorio Teatral, porque iniciamos el \u201cMes del Teatro\u201d con el teatro lleno. Les pedimos las disculpas a las personas que quedaron fuera, lamentablemente no hab\u00eda m\u00e1s capacidad, pero los invitamos a seguir viniendo al teatro todos los fines de semana de mayo, a las 19:30 hrs, habr\u00e1 una obra ac\u00e1, con el formato de \u201cpaga lo que puedas\u201d desde $1000 pesos en adelante.<\/em><\/p>\n\n\n\n<p><em>El pr\u00f3ximo s\u00e1bado 11 de mayo, tendremos la obra \u201cDetenidos\u201d de la Compa\u00f1\u00eda \u201cDescolgados Teatro\u201d de Puerto Montt. Muchas gracias a Osorno y a seguir viniendo al teatro\u201d. <\/em>Agreg\u00f3 Carrillo, como parte central de \u201cD\u00eda Nacional del Teatro\u201d que conmemora el natalicio del Actor, Dramaturgo y Director de Teatro, Andr\u00e9s P\u00e9rez.<\/p>\n\n\n\n<p>En el marco de la respuesta del p\u00fablico, Carlos Quijada, que vino junto a su familia a la funci\u00f3n valor\u00f3 la propuesta esc\u00e9nica<\/p>\n\n\n\n<p><em>\u201cMuy bonito el evento en s\u00ed. La obra fue maravillosa, se not\u00f3 que los ni\u00f1os disfrutaron mucho del evento y que se siga repitiendo cada vez m\u00e1s este tipo de teatro\u201d.<\/em><\/p>\n\n\n\n<p><strong>Las Pr\u00f3ximas obras para Osorno<\/strong><\/p>\n\n\n\n<p>El s\u00e1bado 11 de Mayo&nbsp; a las 19:30 hrs se realizar\u00e1 la ceremonia central del \u201cD\u00eda del Teatro\u201d con la obra&nbsp; \u201cDetenidxs\u201d de \u201cDescolgados Teatro\u201d.<\/p>\n\n\n\n<p>Luego, La obra \u201cCatedral\u201d de la Compa\u00f1\u00eda \u201cLa Primavera In\u00fatil\u201d tendr\u00e1 dos funciones: primero el viernes 17 a las 12:00 hrs enfocada a estudiantes locales y el s\u00e1bado 18 a las 19:30 hrs para p\u00fablico general.<\/p>\n\n\n\n<p>La cartelera del mes de mayo finaliza con el elenco ciudadano de la compa\u00f1\u00eda \u201cMirasur\u201d con la obra \u201cOnce D\u00edas Eternos\u201d, primero el s\u00e1bado 25 y luego el viernes 31, ambas funciones a las 19:30 hrs.<\/p>\n\n\n\n<p>La venta de Tickets se realizar\u00e1 de forma presencial para cada funci\u00f3n con la modalidad \u201cPaga lo que puedas\u201d, partiendo por $1000, para potenciar la presencia de p\u00fablico en las distintas presentaciones.<\/p>\n","protected":false},"excerpt":{"rendered":"<p>La obra \u201cEl Gato Con Botas\u201d de la \u201cDaniela Oliva y Compa\u00f1\u00eda\u201d dio inicio a la cartelera que tendr\u00e1 obras de elencos locales durante todos los s\u00e1bados del mes<\/p>\n","protected":false},"author":1,"featured_media":21008,"comment_status":"closed","ping_status":"closed","sticky":false,"template":"","format":"standard","meta":{"footnotes":""},"categories":[3,2691,8,10],"tags":[2118,337,273,132,247,133],"class_list":["post-21007","post","type-post","status-publish","format-standard","has-post-thumbnail","hentry","category-al-dia","category-arte","category-comunas","category-cultura","tag-semanariolocal","tag-informacion","tag-noticias","tag-osorno","tag-region-de-los-lagos","tag-semanario-local"],"_links":{"self":[{"href":"https:\/\/www.semanariolocal.cl\/index.php?rest_route=\/wp\/v2\/posts\/21007","targetHints":{"allow":["GET"]}}],"collection":[{"href":"https:\/\/www.semanariolocal.cl\/index.php?rest_route=\/wp\/v2\/posts"}],"about":[{"href":"https:\/\/www.semanariolocal.cl\/index.php?rest_route=\/wp\/v2\/types\/post"}],"author":[{"embeddable":true,"href":"https:\/\/www.semanariolocal.cl\/index.php?rest_route=\/wp\/v2\/users\/1"}],"replies":[{"embeddable":true,"href":"https:\/\/www.semanariolocal.cl\/index.php?rest_route=%2Fwp%2Fv2%2Fcomments&post=21007"}],"version-history":[{"count":1,"href":"https:\/\/www.semanariolocal.cl\/index.php?rest_route=\/wp\/v2\/posts\/21007\/revisions"}],"predecessor-version":[{"id":21009,"href":"https:\/\/www.semanariolocal.cl\/index.php?rest_route=\/wp\/v2\/posts\/21007\/revisions\/21009"}],"wp:featuredmedia":[{"embeddable":true,"href":"https:\/\/www.semanariolocal.cl\/index.php?rest_route=\/wp\/v2\/media\/21008"}],"wp:attachment":[{"href":"https:\/\/www.semanariolocal.cl\/index.php?rest_route=%2Fwp%2Fv2%2Fmedia&parent=21007"}],"wp:term":[{"taxonomy":"category","embeddable":true,"href":"https:\/\/www.semanariolocal.cl\/index.php?rest_route=%2Fwp%2Fv2%2Fcategories&post=21007"},{"taxonomy":"post_tag","embeddable":true,"href":"https:\/\/www.semanariolocal.cl\/index.php?rest_route=%2Fwp%2Fv2%2Ftags&post=21007"}],"curies":[{"name":"wp","href":"https:\/\/api.w.org\/{rel}","templated":true}]}}