{"id":20985,"date":"2024-05-03T11:00:00","date_gmt":"2024-05-03T15:00:00","guid":{"rendered":"https:\/\/www.semanariolocal.cl\/?p=20985"},"modified":"2024-05-04T12:45:14","modified_gmt":"2024-05-04T16:45:14","slug":"ministra-de-ciencia-presenta-nueva-politica-de-inteligencia-artificial","status":"publish","type":"post","link":"https:\/\/www.semanariolocal.cl\/?p=20985","title":{"rendered":"Ministra de Ciencia presenta nueva Pol\u00edtica de Inteligencia Artificial."},"content":{"rendered":"\n<p>\u201cA diferencia de lo que pas\u00f3 con otras olas de transformaci\u00f3n, esta vez Chile no se sienta a esperar: Chile decide ser protagonista\u201d. Con esas palabras, la ministra de Ciencia, Tecnolog\u00eda, Conocimiento e Innovaci\u00f3n, Ais\u00e9n Etcheverry, present\u00f3 hoy el documento que guiar\u00e1 a nuestro pa\u00eds en el desarrollo y la adopci\u00f3n de Inteligencia Artificial por los pr\u00f3ximos cuatro a\u00f1os y que, a su juicio, pone al pa\u00eds en la vanguardia de la adopci\u00f3n \u00e9tica y responsable de esta tecnolog\u00eda.<\/p>\n\n\n\n<p>Formaci\u00f3n de nuevos talentos, mejora de infraestructura, capacitaci\u00f3n de la ciudadan\u00eda, impulso a la industria y creaci\u00f3n de fondos de investigaci\u00f3n dedicados a la IA, son algunos de los temas que incluye esta actualizaci\u00f3n de la Pol\u00edtica de IA, cuya primera versi\u00f3n se public\u00f3 en 2021 y le permiti\u00f3 a Chile llegar al lugar de liderazgo que tiene hoy en la materia, seg\u00fan el Indice Latinoamericano de IA.<\/p>\n\n\n\n<p>Dado el impacto que est\u00e1 teniendo esta tecnolog\u00eda en la vida de las personas desde la irrupci\u00f3n de la IA generativa, la nueva versi\u00f3n profundiza en los temas de Gobernanza y \u00c9tica. Para construirla se recogi\u00f3 la opini\u00f3n de m\u00e1s de 300 personas con la metodolog\u00eda RAM de Unesco, que recogi\u00f3 brechas y posturas de distintos actores en mesas de trabajo en 6 regiones. En la consulta p\u00fablica online, que estuvo disponible durante 2 meses, participaron m\u00e1s de 600 personas y la ciudadan\u00eda valid\u00f3 la mayor parte de los avances all\u00ed propuestos: las categor\u00edas \u201cMuy de acuerdo\u201d y \u201cDe acuerdo\u201d variaron entre el 91,7% y el 78,3%.<\/p>\n\n\n\n<p>Especial apoyo tuvo la incorporaci\u00f3n de 5 sub ejes nuevos: Articulaci\u00f3n Internacional, Medioambiente y Crisis Clim\u00e1tica, Inclusi\u00f3n y No Discriminaci\u00f3n, Ni\u00f1os, Ni\u00f1as y Adolescentes, Cultura y Preservaci\u00f3n del Patrimonio.<\/p>\n\n\n\n<p>El anuncio se llev\u00f3 a cabo en el Patio de Las Camelias del Palacio de La Moneda, con la presencia de la directora general de Unesco, Audrey Azoulay, el ministro de Relaciones Exteriores, Alberto Van Klaveren, la ministra de las Culturas, las Artes y el Patrimonio, Carolina Arredondo y el ministro de Agricultura, Esteban Valenzuela. Asistieron tambi\u00e9n numerosas autoridades acad\u00e9micas, expertos en tecnolog\u00eda y representantes de algunos de los m\u00e1s de 100 servicios p\u00fablicos que ya est\u00e1n aplicando IA.<\/p>\n\n\n\n<p>La ministra Etcheverry destac\u00f3 el impacto de la IA en el desarrollo econ\u00f3mico y productivo del pa\u00eds: \u201cHoy, cuando miramos a las empresas en Chile, el 24% de las microempresas, el 30% de las pymes y el 35% de las grandes empresas est\u00e1n incorporando Inteligencia Artificial y eso tiene un efecto en productividad y es parte de la agenda de crecimiento econ\u00f3mico del Presidente\u201d, se\u00f1al\u00f3.<\/p>\n\n\n\n<p>La directora general de Unesco, Audrey Azoulay, enfatiz\u00f3 que Chile es el primero de los estados miembros latinoamericanos que ha completado la evaluaci\u00f3n preparatoria y la ha traducido en acciones concretas: \u201cChile hoy es una referencia mundial en materia de progreso \u00e9tico porque ha aceptado las recomendaciones para proteger los datos personales, reforzar el arsenal jur\u00eddico existente, incluir cada vez m\u00e1s una diversidad de perfiles en todos los niveles en el dise\u00f1o de algoritmos, y en particular perfiles femeninos y el tercer y \u00faltimo reto, es la infraestructura e invertir m\u00e1s para que todas y todos tengan acceso a internet de alta velocidad y para la ciberseguridad\u201d, afirm\u00f3.<\/p>\n\n\n\n<p><strong>Plazos semestrales para las medidas del Plan de Acci\u00f3n<\/strong><br>El Plan de Acci\u00f3n presentado incluye iniciativas tan diversas como un catastro de infraestructura tecnol\u00f3gica en IA, fondos de investigaci\u00f3n para uso de IA para consumo eficiente de energ\u00eda (MinCiencia), incentivo al empleo con herramientas de IA (MinTrabajo), pol\u00edticas y lineamientos para proteger a ni\u00f1as, ni\u00f1os y adolescentes (Mideso), evaluaci\u00f3n del impacto de la IA en la cultura, industrias creativas y patrimonio cultural (MinCulturas), crear pol\u00edticas de IA en ciberseguridad (MinInterior) y establecer normas \u00e9ticas para la publicaci\u00f3n de bases de datos en temas sanitarios (MinSalud).<\/p>\n\n\n\n<p>De las 177 medidas, que pueden revisarse en el Plan de Acci\u00f3n, hay cien que tienen como plazo el 2026. De acuerdo al compromiso ya tomado por los ministerios respectivos, deber\u00e1n cumplirse durante el actual gobierno del presidente Gabriel Boric.<\/p>\n\n\n\n<p>Claudia L\u00f3pez, acad\u00e9mica del Departamento de Inform\u00e1tica de la Universidad T\u00e9cnica Federico Santa Mar\u00eda e investigadora asociada del CENIA valor\u00f3 el \u00e9nfasis en la educaci\u00f3n sobre IA desde una perspectiva cr\u00edtica y dirigida a ni\u00f1os, ni\u00f1as, adolescentes, trabajadores, funcionarios p\u00fablicos y tomadores de decisiones. \u201cSe abordan varias esferas nuevas que parec\u00edan estar menos cuidadas en la pol\u00edtica anterior, la empleabilidad, la cultura y la violencia digital, entre otras, lo cual sugiere una atenci\u00f3n a las opiniones expresadas durante las reuniones de consulta y encuestas abiertas al p\u00fablico. La amplitud de este marco de acci\u00f3n refleja la complejidad de la inteligencia artificial y su creciente influencia en diversas \u00e1reas de la vida cotidiana\u201d, afirm\u00f3.<\/p>\n","protected":false},"excerpt":{"rendered":"<p>Los nuevos lineamientos surgieron de un proceso participativo con 300 personas de forma presencial en seis regiones y una consulta ciudadana online que tuvo 600 respuestas y un amplio apoyo a la propuesta de contenidos.<\/p>\n","protected":false},"author":1,"featured_media":20986,"comment_status":"closed","ping_status":"closed","sticky":false,"template":"","format":"standard","meta":{"footnotes":""},"categories":[3,2540,11,9],"tags":[2118,77,337,1556,273,247,133],"class_list":["post-20985","post","type-post","status-publish","format-standard","has-post-thumbnail","hentry","category-al-dia","category-ciencia","category-educacion","category-gobierno","tag-semanariolocal","tag-educacion","tag-informacion","tag-ministerio-de-ciencias","tag-noticias","tag-region-de-los-lagos","tag-semanario-local"],"_links":{"self":[{"href":"https:\/\/www.semanariolocal.cl\/index.php?rest_route=\/wp\/v2\/posts\/20985","targetHints":{"allow":["GET"]}}],"collection":[{"href":"https:\/\/www.semanariolocal.cl\/index.php?rest_route=\/wp\/v2\/posts"}],"about":[{"href":"https:\/\/www.semanariolocal.cl\/index.php?rest_route=\/wp\/v2\/types\/post"}],"author":[{"embeddable":true,"href":"https:\/\/www.semanariolocal.cl\/index.php?rest_route=\/wp\/v2\/users\/1"}],"replies":[{"embeddable":true,"href":"https:\/\/www.semanariolocal.cl\/index.php?rest_route=%2Fwp%2Fv2%2Fcomments&post=20985"}],"version-history":[{"count":1,"href":"https:\/\/www.semanariolocal.cl\/index.php?rest_route=\/wp\/v2\/posts\/20985\/revisions"}],"predecessor-version":[{"id":20987,"href":"https:\/\/www.semanariolocal.cl\/index.php?rest_route=\/wp\/v2\/posts\/20985\/revisions\/20987"}],"wp:featuredmedia":[{"embeddable":true,"href":"https:\/\/www.semanariolocal.cl\/index.php?rest_route=\/wp\/v2\/media\/20986"}],"wp:attachment":[{"href":"https:\/\/www.semanariolocal.cl\/index.php?rest_route=%2Fwp%2Fv2%2Fmedia&parent=20985"}],"wp:term":[{"taxonomy":"category","embeddable":true,"href":"https:\/\/www.semanariolocal.cl\/index.php?rest_route=%2Fwp%2Fv2%2Fcategories&post=20985"},{"taxonomy":"post_tag","embeddable":true,"href":"https:\/\/www.semanariolocal.cl\/index.php?rest_route=%2Fwp%2Fv2%2Ftags&post=20985"}],"curies":[{"name":"wp","href":"https:\/\/api.w.org\/{rel}","templated":true}]}}