{"id":20979,"date":"2024-05-03T11:50:00","date_gmt":"2024-05-03T15:50:00","guid":{"rendered":"https:\/\/www.semanariolocal.cl\/?p=20979"},"modified":"2024-05-04T12:28:53","modified_gmt":"2024-05-04T16:28:53","slug":"ministro-pizarro-en-puerto-montt-donde-hay-practica-deportiva-aumenta-la-seguridad","status":"publish","type":"post","link":"https:\/\/www.semanariolocal.cl\/?p=20979","title":{"rendered":"Ministro Pizarro en Puerto Montt: \u00abDonde hay pr\u00e1ctica deportiva aumenta la seguridad\u00bb"},"content":{"rendered":"\n<p>. Ante m\u00e1s de 100 representantes de organizaciones deportivas de la regi\u00f3n de Los Lagos, el ministro del Deporte, Jaime Pizarro, encabez\u00f3 la ceremonia de entrega del Fondeporte 2024, recursos provenientes del Ministerio del Deporte y el IND, que en esta versi\u00f3n benefici\u00f3 a 31 postulantes de tres provincias de la regi\u00f3n, y que alcanz\u00f3 la cifra de $164.524.960<\/p>\n\n\n\n<p>Junto a la delegada presidencial regional, Giovanna Moreira, al gobernador regional, Patricio Vallesp\u00edn, y a otras autoridades locales, el secretario de Estado entreg\u00f3 los recursos y se refiri\u00f3 a la importancia de potenciar el deporte en las distintas regiones del pa\u00eds.<\/p>\n\n\n\n<p>\u00abDonde hay espacios deportivos, donde hay pr\u00e1ctica deportiva, aumenta la seguridad. Seguiremos avanzando en esta recuperaci\u00f3n territorial\u00bb, coment\u00f3 en la ceremonia en que le agradecieron su presencia y las gestiones que se han hecho en la zona para seguir potenciando el deporte. Asimismo, destac\u00f3 el trabajo intersectorial que se realiza en Los Lagos, para impulsar la pr\u00e1ctica deportiva: \u00abAgradezco el involucramiento que todos tenemos, porque as\u00ed se puede avanzar de buena forma en nuestro objetivo com\u00fan: mejorar el acceso al deporte en la regi\u00f3n\u00bb<\/p>\n\n\n\n<p>En esa misma l\u00ednea, la delegada presidencial, indic\u00f3 que \u201ccon la visita del ministro Pizarro se est\u00e1 visualizando el avance de nuestro Gobierno en materia deportiva. Ac\u00e1 se est\u00e1n revitalizando barrios, no solo estamos buscando m\u00e1s infraestructura deportiva, tema en el que hemos avanzado en Puerto Montt, en Calbuco y Chilo\u00e9; tambi\u00e9n buscamos c\u00f3mo llegar a los distintos territorios, y la entrega de estos 31 proyectos demuestra eso\u00bb.<\/p>\n\n\n\n<p>El trabajo conjunto tambi\u00e9n fue valorado por el gobernador Vallesp\u00edn, quien recalc\u00f3 que \u201cac\u00e1 el nivel regional y el nivel nacional tienen que trabajar de la mano para que nuestros deportistas, tanto en infraestructura como en su desempe\u00f1o, vayan mejorando. Trabajaremos en un proyecto de colaboraci\u00f3n para que, con aporte de recursos conjuntos, para que se avance en menor tiempo de que si trabajara cada uno por su lado\u00bb.<\/p>\n\n\n\n<p>Al finalizar la ceremonia, se realiz\u00f3 un recorrido por las instalaciones del edificio, para conocer el nuevo centro deportivo de la direcci\u00f3n regional, que viene a otorgar espacios que no exist\u00edan con enfoque deportivo.<\/p>\n","protected":false},"excerpt":{"rendered":"<p>El secretario de Estado lleg\u00f3 esta ma\u00f1ana a Puerto Montt donde comparti\u00f3 con las organizaciones ganadoras. Fueron 31 iniciativas de la regi\u00f3n las beneficiadas con los fondos entregados por el Ministerio del Deporte y el IND. La cifra total super\u00f3 los 164 millones de pesos.<\/p>\n","protected":false},"author":1,"featured_media":20980,"comment_status":"closed","ping_status":"closed","sticky":false,"template":"","format":"standard","meta":{"footnotes":""},"categories":[3,2434,9],"tags":[2118,59,337,3040,836,1598,273,113,247,133],"class_list":["post-20979","post","type-post","status-publish","format-standard","has-post-thumbnail","hentry","category-al-dia","category-deporte","category-gobierno","tag-semanariolocal","tag-ind","tag-informacion","tag-mindep-chile","tag-mindep-los-lagos","tag-ministerio-del-deporte","tag-noticias","tag-puerto-montt","tag-region-de-los-lagos","tag-semanario-local"],"_links":{"self":[{"href":"https:\/\/www.semanariolocal.cl\/index.php?rest_route=\/wp\/v2\/posts\/20979","targetHints":{"allow":["GET"]}}],"collection":[{"href":"https:\/\/www.semanariolocal.cl\/index.php?rest_route=\/wp\/v2\/posts"}],"about":[{"href":"https:\/\/www.semanariolocal.cl\/index.php?rest_route=\/wp\/v2\/types\/post"}],"author":[{"embeddable":true,"href":"https:\/\/www.semanariolocal.cl\/index.php?rest_route=\/wp\/v2\/users\/1"}],"replies":[{"embeddable":true,"href":"https:\/\/www.semanariolocal.cl\/index.php?rest_route=%2Fwp%2Fv2%2Fcomments&post=20979"}],"version-history":[{"count":1,"href":"https:\/\/www.semanariolocal.cl\/index.php?rest_route=\/wp\/v2\/posts\/20979\/revisions"}],"predecessor-version":[{"id":20981,"href":"https:\/\/www.semanariolocal.cl\/index.php?rest_route=\/wp\/v2\/posts\/20979\/revisions\/20981"}],"wp:featuredmedia":[{"embeddable":true,"href":"https:\/\/www.semanariolocal.cl\/index.php?rest_route=\/wp\/v2\/media\/20980"}],"wp:attachment":[{"href":"https:\/\/www.semanariolocal.cl\/index.php?rest_route=%2Fwp%2Fv2%2Fmedia&parent=20979"}],"wp:term":[{"taxonomy":"category","embeddable":true,"href":"https:\/\/www.semanariolocal.cl\/index.php?rest_route=%2Fwp%2Fv2%2Fcategories&post=20979"},{"taxonomy":"post_tag","embeddable":true,"href":"https:\/\/www.semanariolocal.cl\/index.php?rest_route=%2Fwp%2Fv2%2Ftags&post=20979"}],"curies":[{"name":"wp","href":"https:\/\/api.w.org\/{rel}","templated":true}]}}