{"id":20961,"date":"2024-05-04T11:41:14","date_gmt":"2024-05-04T15:41:14","guid":{"rendered":"https:\/\/www.semanariolocal.cl\/?p=20961"},"modified":"2024-05-04T11:41:15","modified_gmt":"2024-05-04T15:41:15","slug":"empresas-exportadoras-de-la-region-de-los-lagos-participaran-en-enexpro-soluciones-globales","status":"publish","type":"post","link":"https:\/\/www.semanariolocal.cl\/?p=20961","title":{"rendered":"Empresas exportadoras de la Regi\u00f3n de Los Lagos participar\u00e1n en ENEXPRO Soluciones Globales"},"content":{"rendered":"\n<p>La potencia exportadora de la Regi\u00f3n de Los Lagos estar\u00e1 presente en primer ENEXPRO Soluciones Globales, que organiza ProChile entre el 6 y 9 mayo en Santiago.<\/p>\n\n\n\n<p>Ser\u00e1n 14 empresas de la zona que asistir\u00e1n a esta cita que busca potenciar las exportaciones de compa\u00f1\u00edas proveedoras de soluciones de bienes y servicios pertenecientes a los grandes sectores exportadores del pa\u00eds como miner\u00eda, agro, acuicultura, energ\u00edas limpias, eficiencia energ\u00e9tica y gesti\u00f3n h\u00eddrica.<\/p>\n\n\n\n<p>\u201cEste encuentro empresarial, que tendr\u00e1 enfoque especial en peque\u00f1as y medianas empresas (Pymes), tiene como prop\u00f3sito destacar a nivel internacional la variada oferta chilena de soluciones globales. Ser\u00e1 tambi\u00e9n una oportunidad \u00fanica para los proveedores de bienes y servicios de la regi\u00f3n, para potenciar sus capacidades productivas y exportadoras. La idea es mostrar a Chile como un pa\u00eds con una capacidad de generar soluciones de base tecnol\u00f3gica, productos, servicios sostenibles y de alto valor agregado\u201d, explic\u00f3 Ricardo Arriagada, director regional de ProChile Los Lagos.<\/p>\n\n\n\n<p>En esta cita participar\u00e1n las empresas Aex group, Comercial RTI, Inchalam, Huber Ingenier\u00eda Ltda., Patagonia Rov, Club Innovaci\u00f3n Acu\u00edcola, Aqualider, procesadora de pl\u00e1sticos Puelche Spa., Kran, Prosac, DVS Tecnolog\u00eda, Chucao Technology Consultants, Internet of Water y Alsur Ingenier\u00eda.<\/p>\n\n\n\n<p>El evento permitir\u00e1 crear un espacio estrat\u00e9gico para fortalecer la presencia de las Pymes en mercados extranjeros y facilitar conexiones comerciales con miras a la generaci\u00f3n de negocios.<\/p>\n\n\n\n<p>El encuentro considera una rueda de negocios que permitir\u00e1 a las empresas presentar su oferta exportable a potenciales compradores de Per\u00fa, M\u00e9xico, Brasil, Colombia, Ecuador, Paraguay, Argentina, Bolivia, Panam\u00e1, Guatemala, Costa Rica y otros pa\u00edses. Adem\u00e1s, estar\u00e1n presentes representantes de las Oficinas Comerciales de ProChile en Beijing, Tokio, Reino Unido, Belo Horizonte y Los \u00c1ngeles.<\/p>\n","protected":false},"excerpt":{"rendered":"<p>En el evento organizado por ProChile participan 14 empresas regionales proveedoras de servicios para los sectores acu\u00edcola, miner\u00eda, agr\u00edcola y energ\u00edas limpias, eficiencia energ\u00e9tica y gesti\u00f3n h\u00eddrica, quienes se reunir\u00e1n con compradores provenientes de diferentes mercados principalmente de Latinoam\u00e9rica.<\/p>\n","protected":false},"author":1,"featured_media":20962,"comment_status":"closed","ping_status":"closed","sticky":false,"template":"","format":"standard","meta":{"footnotes":""},"categories":[3,12,2406,2603,2483],"tags":[2291,2118,3039,469,337,273,2290,185,247,133,881],"class_list":["post-20961","post","type-post","status-publish","format-standard","has-post-thumbnail","hentry","category-al-dia","category-economia","category-empresas","category-industria","category-region","tag-prochile-2","tag-semanariolocal","tag-enexpro","tag-exportaciones","tag-informacion","tag-noticias","tag-prochile","tag-pymes","tag-region-de-los-lagos","tag-semanario-local","tag-servicios"],"_links":{"self":[{"href":"https:\/\/www.semanariolocal.cl\/index.php?rest_route=\/wp\/v2\/posts\/20961","targetHints":{"allow":["GET"]}}],"collection":[{"href":"https:\/\/www.semanariolocal.cl\/index.php?rest_route=\/wp\/v2\/posts"}],"about":[{"href":"https:\/\/www.semanariolocal.cl\/index.php?rest_route=\/wp\/v2\/types\/post"}],"author":[{"embeddable":true,"href":"https:\/\/www.semanariolocal.cl\/index.php?rest_route=\/wp\/v2\/users\/1"}],"replies":[{"embeddable":true,"href":"https:\/\/www.semanariolocal.cl\/index.php?rest_route=%2Fwp%2Fv2%2Fcomments&post=20961"}],"version-history":[{"count":1,"href":"https:\/\/www.semanariolocal.cl\/index.php?rest_route=\/wp\/v2\/posts\/20961\/revisions"}],"predecessor-version":[{"id":20963,"href":"https:\/\/www.semanariolocal.cl\/index.php?rest_route=\/wp\/v2\/posts\/20961\/revisions\/20963"}],"wp:featuredmedia":[{"embeddable":true,"href":"https:\/\/www.semanariolocal.cl\/index.php?rest_route=\/wp\/v2\/media\/20962"}],"wp:attachment":[{"href":"https:\/\/www.semanariolocal.cl\/index.php?rest_route=%2Fwp%2Fv2%2Fmedia&parent=20961"}],"wp:term":[{"taxonomy":"category","embeddable":true,"href":"https:\/\/www.semanariolocal.cl\/index.php?rest_route=%2Fwp%2Fv2%2Fcategories&post=20961"},{"taxonomy":"post_tag","embeddable":true,"href":"https:\/\/www.semanariolocal.cl\/index.php?rest_route=%2Fwp%2Fv2%2Ftags&post=20961"}],"curies":[{"name":"wp","href":"https:\/\/api.w.org\/{rel}","templated":true}]}}