{"id":20899,"date":"2024-04-30T22:07:02","date_gmt":"2024-05-01T02:07:02","guid":{"rendered":"https:\/\/www.semanariolocal.cl\/?p=20899"},"modified":"2024-04-30T22:07:03","modified_gmt":"2024-05-01T02:07:03","slug":"energia-fotovoltaica-y-riego-presurizado-transforman-el-agro","status":"publish","type":"post","link":"https:\/\/www.semanariolocal.cl\/?p=20899","title":{"rendered":"Energ\u00eda fotovoltaica y riego presurizado transforman el agro"},"content":{"rendered":"\n<p><strong>A<em>m<\/em><\/strong><strong><em>bos territorios poseen una alta radiaci\u00f3n solar, lo que permite que sistemas fotovoltaicos sean capaces de alimentar de energ\u00eda una bomba, logrando un uso m\u00e1s eficiente y una distribuci\u00f3n uniforme del recurso h\u00eddrico. La iniciativa aspira a reducir los costos asociados con el bombeo el\u00e9ctrico para el riego y aumentar la superficie de cultivo.<\/em><\/strong><\/p>\n\n\n\n<p>Al Gore, Premio Nobel de la Paz y ex vicepresidente de EE. UU. hace cinco a\u00f1os reconoci\u00f3 a Chile como ejemplo mundial por su expansi\u00f3n en el uso de energ\u00eda solar siendo nuestro pa\u00eds el que estaba adoptando esta energ\u00eda \u00abm\u00e1s r\u00e1pido que cualquier otro\u201d. Actualmente, la cifra es dos veces m\u00e1s grande.<\/p>\n\n\n<div class=\"wp-block-image\">\n<figure class=\"alignleft size-large\"><img loading=\"lazy\" decoding=\"async\" width=\"494\" height=\"600\" src=\"https:\/\/www.semanariolocal.cl\/wp-content\/uploads\/2024\/04\/solar3-494x600.jpg\" alt=\"\" class=\"wp-image-20902\" srcset=\"https:\/\/www.semanariolocal.cl\/wp-content\/uploads\/2024\/04\/solar3-494x600.jpg 494w, https:\/\/www.semanariolocal.cl\/wp-content\/uploads\/2024\/04\/solar3-247x300.jpg 247w, https:\/\/www.semanariolocal.cl\/wp-content\/uploads\/2024\/04\/solar3-768x932.jpg 768w, https:\/\/www.semanariolocal.cl\/wp-content\/uploads\/2024\/04\/solar3.jpg 1023w\" sizes=\"auto, (max-width: 494px) 100vw, 494px\" \/><\/figure>\n<\/div>\n\n\n<p>El Programa Transferencia Sistema Fotovoltaico y Riego Presurizado Cabildo y Petorca es una de las iniciativas que se suma a esta proyecci\u00f3n y que busca contribuir con la eficiencia h\u00eddrica y energ\u00e9tica de peque\u00f1os productores agr\u00edcolas de las comunas de Petorca y Cabildo instalando sistemas de riego presurizado alimentados energ\u00e9ticamente mediante sistemas fotovoltaicos.<\/p>\n\n\n\n<p>Con la presencia del Gobernador Regional, Rodrigo Mundaca se dio inicio al Lanzamiento de esta iniciativa, que ejecuta INIA La Cruz y financia el Gobierno Regional de Valpara\u00edso. \u201cLas provincias de Petorca y Cabildo son un ejemplo de este potencial solar y un impulso al uso de energ\u00edas renovables. Es un proyecto que pone en la centralidad el cuidado del medioambiente, pero tambi\u00e9n coloca en la centralidad a los peque\u00f1os productores\u201d, dijo el gobernador.<\/p>\n\n\n\n<p>El Subdirector Nacional de Investigaci\u00f3n y Desarrollo del INIA, Christian Alfaro asegur\u00f3 que esta iniciativa va muy de la mano con nuestro mandato de acercar la ciencia aplicada a la soluci\u00f3n de los problemas en un contexto de escasez h\u00eddrica. Aqu\u00ed, precis\u00f3, \u201cpodemos observar c\u00f3mo la ciencia est\u00e1 al servicio de la soluci\u00f3n de los problemas <a>conectando paneles fotovoltaicos que son capaces de alimentar de energ\u00eda una bomba que abastece de agua a peque\u00f1os productores\u201d. <\/a>Destac\u00f3 como eje central en la estrategia de investigaci\u00f3n, \u201cel mejor uso de los recursos h\u00eddricos, pero tambi\u00e9n la reducci\u00f3n de la huella del agua e indirectamente la huella qu\u00edmica por la emisi\u00f3n de gases de efecto invernadero\u201d.<\/p>\n\n\n\n<p>El director del proyecto. Dr. Carlos Z\u00fa\u00f1iga, ante la presencia de autoridades nacionales, regionales y cientos de agricultores, hizo una presentaci\u00f3n para informar sobre los avances del programa, dando voz a sus protagonistas y compartiendo experiencias exitosas de los beneficiarios.<\/p>\n\n\n<div class=\"wp-block-image\">\n<figure class=\"alignleft size-full is-resized\"><img loading=\"lazy\" decoding=\"async\" width=\"1000\" height=\"600\" src=\"https:\/\/www.semanariolocal.cl\/wp-content\/uploads\/2024\/04\/solar0.jpg\" alt=\"\" class=\"wp-image-20903\" style=\"width:493px;height:auto\" srcset=\"https:\/\/www.semanariolocal.cl\/wp-content\/uploads\/2024\/04\/solar0.jpg 1000w, https:\/\/www.semanariolocal.cl\/wp-content\/uploads\/2024\/04\/solar0-300x180.jpg 300w, https:\/\/www.semanariolocal.cl\/wp-content\/uploads\/2024\/04\/solar0-768x461.jpg 768w\" sizes=\"auto, (max-width: 1000px) 100vw, 1000px\" \/><\/figure>\n<\/div>\n\n\n<p>Cabildo y Petorca son zonas con alta radiaci\u00f3n solar, lo que permite que sistemas fotovoltaicos generen energ\u00eda suficiente para el sistema de riego en la producci\u00f3n frut\u00edcola principalmente palto, c\u00edtricos y producci\u00f3n hort\u00edcola. \u201cLos valles de Petorca y Cabildo son una de las zonas con mayor n\u00famero de horas de sol al a\u00f1o, lo que adem\u00e1s coincide mayoritariamente con las \u00e9pocas de mayor necesidad de riego\u201d, precisa el especialista en riego y agricultura de precisi\u00f3n.<\/p>\n\n\n\n<p>La orientaci\u00f3n al norte de los paneles ayuda a que est\u00e9n expuestos directamente a la radiaci\u00f3n solar durante la mayor parte del d\u00eda, lo que optimiza su eficiencia en la conversi\u00f3n de la luz solar en electricidad. Adem\u00e1s, al evitar sombreamientos se asegura que \u00e9stos puedan operar a su m\u00e1xima capacidad y rendimiento.<\/p>\n\n\n\n<p>La utilizaci\u00f3n de energ\u00edas renovables no convencionales como la energ\u00eda solar, para la extracci\u00f3n y distribuci\u00f3n de agua en superficie, resulta especialmente atractiva en las zonas de rezago de Petorca y Cabildo.<\/p>\n\n\n\n<p>El programa considera la construcci\u00f3n de 79 proyectos para agricultores y agricultoras beneficiados o beneficiadas cuya superficie var\u00eda entre 1 y 5 ha de cultivo. De los 79 proyectos, 39 corresponden a la construcci\u00f3n de un sistema de riego presurizado m\u00e1s la instalaci\u00f3n de un equipo fotovoltaico para su alimentaci\u00f3n energ\u00e9tica. En tanto, las otras 40 unidades productivas corresponden a un equipo fotovoltaico acoplado a un sistema de riego presurizado ya existente.<\/p>\n\n\n\n<p>En su mayor\u00eda, los productores cuentan con una fuente de agua para desarrollar un cultivo a escala peque\u00f1a. Pero, algunos no disponen de conexi\u00f3n el\u00e9ctrica o bien no cuentan con la potencia instalada suficiente para el funcionamiento de una electrobomba para la extracci\u00f3n de agua.<\/p>\n\n\n\n<p>Algunos se encuentran ubicados lejos de la red de distribuci\u00f3n el\u00e9ctrica, por lo que no son capaces de solventar el elevado gasto econ\u00f3mico que implica la operaci\u00f3n de bombas el\u00e9ctricas para el riego, sumado al alto requerimiento energ\u00e9tico. Por este motivo, los agricultores de estas zonas optan por sistemas de riego que poseen baja eficiencia h\u00eddrica. \u201cEn estas comunas el recurso h\u00eddrico es escaso y los productores realizan esfuerzos para conseguir agua desde pozos profundos, compran agua para riego o almacenan en infraestructura destinada a ese fin\u201d, asegura el director del proyecto Dr. Carlos Z\u00fa\u00f1iga.&nbsp;<\/p>\n\n\n\n<p>El proyecto se encuentra en pleno desarrollo, con 17 sistemas de riego presurizado operativos, alimentados por energ\u00eda solar donde el trabajo de las empresas especialistas en paneles fotovoltaicos es instalar los paneles con el fin de optimizar el sistema de riego a trav\u00e9s de la incorporaci\u00f3n de tecnolog\u00eda para la acumulaci\u00f3n, extracci\u00f3n y riego, as\u00ed como el uso de energ\u00eda fotovoltaica para extraer agua.<\/p>\n\n\n\n<p>Se evalu\u00f3 las necesidades h\u00eddricas de cada predio en funci\u00f3n de la disponibilidad de agua, el estado de sus tranques acumuladores y la profundidad de sus pozos con el prop\u00f3sito de buscar la mejor soluci\u00f3n. Por este motivo cada agricultor recibe un manejo diferente del sistema buscando las mejores condiciones t\u00e9cnico-productivas para el aprovechamiento de la infraestructura.<\/p>\n\n\n\n<p>Una vez completada la instalaci\u00f3n, se llevar\u00e1 a cabo la transferencia de competencias para el uso eficiente de estos equipos a los peque\u00f1os productores acompa\u00f1ados de instancias de capacitaci\u00f3n.<\/p>\n\n\n\n<p>La implementaci\u00f3n de este sistema conllevar\u00e1 una reducci\u00f3n significativa en el consumo de agua de los agricultores, estimada en alrededor del 20%. Adem\u00e1s, en el caso de los sistemas exclusivamente fotovoltaico, la reducci\u00f3n en el consumo de energ\u00eda podr\u00eda ser del 100%.<\/p>\n\n\n\n<p>La implementaci\u00f3n de este sistema conllevar\u00e1 una reducci\u00f3n significativa en el consumo de agua de los agricultores, estimada en alrededor del 20%. Adem\u00e1s, en el caso de los sistemas exclusivamente fotovoltaico, la reducci\u00f3n en el consumo de energ\u00eda podr\u00eda ser del 100%.<\/p>\n\n\n\n<p><strong>Berta Soza, sector Las Puertas es una de las beneficiarias y es el lugar donde se llev\u00f3 a cabo la presentaci\u00f3n del proyecto:<\/strong> \u201cestamos felices con este proyecto porque econ\u00f3micamente nos va a ayudar mucho. Va a ser menos contaminantes tanto para la fruta, verdura o lo que se vaya a plantar. Sn energ\u00edas limpias, sustentables, lo que es una maravilla porque es lo que se est\u00e1 imponiendo hoy en cuanto a las plantaciones en la agricultura, de tener energ\u00edas limpias, renovables, y que tenga menor contaminaci\u00f3n ambiental. Que nos ayude econ\u00f3micamente a todos quienes estamos trabajando en el campo\u201d.<\/p>\n\n\n\n<figure class=\"wp-block-image size-full\"><img loading=\"lazy\" decoding=\"async\" width=\"1000\" height=\"600\" src=\"https:\/\/www.semanariolocal.cl\/wp-content\/uploads\/2024\/04\/solar1-1.jpg\" alt=\"\" class=\"wp-image-20901\" srcset=\"https:\/\/www.semanariolocal.cl\/wp-content\/uploads\/2024\/04\/solar1-1.jpg 1000w, https:\/\/www.semanariolocal.cl\/wp-content\/uploads\/2024\/04\/solar1-1-300x180.jpg 300w, https:\/\/www.semanariolocal.cl\/wp-content\/uploads\/2024\/04\/solar1-1-768x461.jpg 768w\" sizes=\"auto, (max-width: 1000px) 100vw, 1000px\" \/><\/figure>\n","protected":false},"excerpt":{"rendered":"<p>Programa de energ\u00eda solar para riego presurizado est\u00e1 transformando la agricultura en Petorca y Cabildo. El programa contempla la construcci\u00f3n de 79 proyectos para agricultores y agricultoras cuya superficie var\u00eda entre 1 y 5 hect\u00e1reas de cultivo, dedicados principalmente a la producci\u00f3n hort\u00edcola, paltos, c\u00edtricos y crianza de caprinos.<\/p>\n","protected":false},"author":1,"featured_media":20900,"comment_status":"closed","ping_status":"closed","sticky":false,"template":"","format":"standard","meta":{"footnotes":""},"categories":[20,3,2540,2541],"tags":[2118,337,557,2072,273,247,133],"class_list":["post-20899","post","type-post","status-publish","format-standard","has-post-thumbnail","hentry","category-agro","category-al-dia","category-ciencia","category-investigacion","tag-semanariolocal","tag-informacion","tag-inia","tag-inia-la-cruz","tag-noticias","tag-region-de-los-lagos","tag-semanario-local"],"_links":{"self":[{"href":"https:\/\/www.semanariolocal.cl\/index.php?rest_route=\/wp\/v2\/posts\/20899","targetHints":{"allow":["GET"]}}],"collection":[{"href":"https:\/\/www.semanariolocal.cl\/index.php?rest_route=\/wp\/v2\/posts"}],"about":[{"href":"https:\/\/www.semanariolocal.cl\/index.php?rest_route=\/wp\/v2\/types\/post"}],"author":[{"embeddable":true,"href":"https:\/\/www.semanariolocal.cl\/index.php?rest_route=\/wp\/v2\/users\/1"}],"replies":[{"embeddable":true,"href":"https:\/\/www.semanariolocal.cl\/index.php?rest_route=%2Fwp%2Fv2%2Fcomments&post=20899"}],"version-history":[{"count":1,"href":"https:\/\/www.semanariolocal.cl\/index.php?rest_route=\/wp\/v2\/posts\/20899\/revisions"}],"predecessor-version":[{"id":20904,"href":"https:\/\/www.semanariolocal.cl\/index.php?rest_route=\/wp\/v2\/posts\/20899\/revisions\/20904"}],"wp:featuredmedia":[{"embeddable":true,"href":"https:\/\/www.semanariolocal.cl\/index.php?rest_route=\/wp\/v2\/media\/20900"}],"wp:attachment":[{"href":"https:\/\/www.semanariolocal.cl\/index.php?rest_route=%2Fwp%2Fv2%2Fmedia&parent=20899"}],"wp:term":[{"taxonomy":"category","embeddable":true,"href":"https:\/\/www.semanariolocal.cl\/index.php?rest_route=%2Fwp%2Fv2%2Fcategories&post=20899"},{"taxonomy":"post_tag","embeddable":true,"href":"https:\/\/www.semanariolocal.cl\/index.php?rest_route=%2Fwp%2Fv2%2Ftags&post=20899"}],"curies":[{"name":"wp","href":"https:\/\/api.w.org\/{rel}","templated":true}]}}