{"id":20848,"date":"2024-04-26T11:23:00","date_gmt":"2024-04-26T15:23:00","guid":{"rendered":"https:\/\/www.semanariolocal.cl\/?p=20848"},"modified":"2024-04-26T23:44:04","modified_gmt":"2024-04-27T03:44:04","slug":"senador-fidel-espinoza-oficia-a-ministerios-y-delegacion-regional-por-cierre-de-paso-fronterizo-peulla","status":"publish","type":"post","link":"https:\/\/www.semanariolocal.cl\/?p=20848","title":{"rendered":"Senador Fidel Espinoza oficia a Ministerios y Delegaci\u00f3n Regional  por cierre de paso fronterizo Peulla"},"content":{"rendered":"\n<p>El pasado s\u00e1bado 20 de abril, autoridades de la Regi\u00f3n de Los Lagos determinaron el \u201ccierre temporal\u201d del paso fronterizo Peulla, debido a que seg\u00fan un informe presentado por el Servicio Nacional de Geolog\u00eda y Miner\u00eda (SERNAGEOMIN), la zona presentaba amenazas s\u00edsmicas asociadas a la Zona de Falla Liqui\u00f1e Ofqui y amenazas moderadas-altas de remociones en masa.<\/p>\n\n\n\n<p>Teniendo en cuenta la relevancia del lugar para el desarrollo tur\u00edstico de la zona, el senador Fidel Espinoza mostr\u00f3 su preocupaci\u00f3n ante el \u201c<strong><em>impacto tremendamente relevante y negativo en la cadena de turismo en Puerto Varas y la regi\u00f3n<\/em><\/strong><em>\u201d <\/em>que podr\u00e1 presentar esta decisi\u00f3n.<\/p>\n\n\n\n<p>Autoridades tanto chilenas como argentinas; consejeros regionales, el alcalde de Puerto Varas y la comunidad de Peulla, han expresado su rechazo al cierre de este paso fronterizo, ya que la actividad tur\u00edstica es el principal sustento de la zona.<\/p>\n\n\n\n<p>\u201c<strong><em>Esto tendr\u00e1 efectos directos en el destino tur\u00edstico de Puerto Varas<\/em><\/strong><em>. Es el producto tur\u00edstico estrella de la zona, que desde hace 100 a\u00f1os une a Puerto Varas con Bariloche. Se va a ver tremendamente resentido con esta medida<\/em>\u201d asegur\u00f3 Espinoza.<\/p>\n\n\n\n<p>Adem\u00e1s, el parlamentario record\u00f3 que:<em> \u201chace a\u00f1os atr\u00e1s, logramos, con el esfuerzo de la gente, obtener un subsidio al transporte mar\u00edtimo para llegar hasta Peulla, lo cual ha sido y le ha dado una calidad de vida totalmente distinta a la que vieron por a\u00f1os toda esa comunidad\u201d<\/em>.<\/p>\n\n\n\n<p><em>\u201c<strong>Solicito a las autoridades del gobierno que reviertan esta medida<\/strong>, que es una desde todo punto de vista muy negativa para la Regi\u00f3n de Los Lagos\u201d, <\/em>sentenci\u00f3 el Senador.<\/p>\n","protected":false},"excerpt":{"rendered":"<p>A trav\u00e9s de un oficio dirigido a la Delegaci\u00f3n Regional de los Lagos, al Ministerio del Interior y al Ministerio de Econom\u00eda, el Senador (PS) por la Regi\u00f3n de Los Lagos Fidel Espinoza mostr\u00f3 su total desacuerdo ante esta medida, que \u201ctendr\u00e1 efectos directos en el destino tur\u00edstico de Puerto Varas\u201d.<\/p>\n","protected":false},"author":1,"featured_media":20849,"comment_status":"closed","ping_status":"closed","sticky":false,"template":"","format":"standard","meta":{"footnotes":""},"categories":[3,8,2483,2747],"tags":[2118,337,273,3022,79,247,702],"class_list":["post-20848","post","type-post","status-publish","format-standard","has-post-thumbnail","hentry","category-al-dia","category-comunas","category-region","category-turismo","tag-semanariolocal","tag-informacion","tag-noticias","tag-peulla","tag-puerto-varas","tag-region-de-los-lagos","tag-senador-fidel-espinoza"],"_links":{"self":[{"href":"https:\/\/www.semanariolocal.cl\/index.php?rest_route=\/wp\/v2\/posts\/20848","targetHints":{"allow":["GET"]}}],"collection":[{"href":"https:\/\/www.semanariolocal.cl\/index.php?rest_route=\/wp\/v2\/posts"}],"about":[{"href":"https:\/\/www.semanariolocal.cl\/index.php?rest_route=\/wp\/v2\/types\/post"}],"author":[{"embeddable":true,"href":"https:\/\/www.semanariolocal.cl\/index.php?rest_route=\/wp\/v2\/users\/1"}],"replies":[{"embeddable":true,"href":"https:\/\/www.semanariolocal.cl\/index.php?rest_route=%2Fwp%2Fv2%2Fcomments&post=20848"}],"version-history":[{"count":1,"href":"https:\/\/www.semanariolocal.cl\/index.php?rest_route=\/wp\/v2\/posts\/20848\/revisions"}],"predecessor-version":[{"id":20850,"href":"https:\/\/www.semanariolocal.cl\/index.php?rest_route=\/wp\/v2\/posts\/20848\/revisions\/20850"}],"wp:featuredmedia":[{"embeddable":true,"href":"https:\/\/www.semanariolocal.cl\/index.php?rest_route=\/wp\/v2\/media\/20849"}],"wp:attachment":[{"href":"https:\/\/www.semanariolocal.cl\/index.php?rest_route=%2Fwp%2Fv2%2Fmedia&parent=20848"}],"wp:term":[{"taxonomy":"category","embeddable":true,"href":"https:\/\/www.semanariolocal.cl\/index.php?rest_route=%2Fwp%2Fv2%2Fcategories&post=20848"},{"taxonomy":"post_tag","embeddable":true,"href":"https:\/\/www.semanariolocal.cl\/index.php?rest_route=%2Fwp%2Fv2%2Ftags&post=20848"}],"curies":[{"name":"wp","href":"https:\/\/api.w.org\/{rel}","templated":true}]}}