{"id":20798,"date":"2024-04-24T23:43:18","date_gmt":"2024-04-25T03:43:18","guid":{"rendered":"https:\/\/www.semanariolocal.cl\/?p=20798"},"modified":"2024-04-24T23:43:19","modified_gmt":"2024-04-25T03:43:19","slug":"40-horas-jornada-4x3-y-compensacion-de-horas-extra-con-dias-adicionales-de-vacaciones","status":"publish","type":"post","link":"https:\/\/www.semanariolocal.cl\/?p=20798","title":{"rendered":"40 Horas : Jornada 4&#215;3 y compensaci\u00f3n de horas extra con d\u00edas adicionales de vacaciones"},"content":{"rendered":"\n<p>La Ley 40 Horas pronto entrar\u00e1 en vigencia. A partir del pr\u00f3ximo 26 de abril comenzar\u00e1 a implementarse en todo el pa\u00eds, dando inicio a la reducci\u00f3n gradual de la jornada laboral. As\u00ed, desde este viernes el horario laboral semanal bajar\u00e1, de forma obligatoria, de 45 a 44 horas semanales. El camino hacia las 40 horas continuar\u00e1 en abril de 2026, al disminuir a 42 horas, y en 2028 la ley entrar\u00e1 plenamente en r\u00e9gimen al llegar a las 40 horas.<\/p>\n\n\n\n<p>Pero la ley tiene una serie de otras novedades en el marco laboral. Una de ellas es la posibilidad de que empleadores y trabajadores acuerden distribuir la jornada con la f\u00f3rmula conocida como 4&#215;3; es decir, trabajar cuatro d\u00edas, por ejemplo de lunes a jueves, y descansar los tres d\u00edas restantes de la semana.<\/p>\n\n\n\n<p>Para esto, eso s\u00ed, seg\u00fan explic\u00f3 la ministra del Trabajo y Previsi\u00f3n Social, Jeannette Jara, es necesario que las empresas se adelanten a la gradualidad de cinco a\u00f1os se\u00f1alada, reduciendo la jornada desde ya a 40 horas semanales.<\/p>\n\n\n\n<p>\u201c\u00bfC\u00f3mo puede haber jornada 4&#215;3 en una empresa, por ejemplo trabajando 10 horas de lunes a jueves y descansando viernes, s\u00e1bado y domingo? Tendr\u00edan que ocurrir dos condiciones. La primera es que el empleador se adelante al cumplimiento de las 40 horas. Y lo segundo es que tiene que haber un acuerdo entre el empleador y el trabajador para pasar a esta modalidad\u201d, explic\u00f3 la secretaria de Estado.<\/p>\n\n\n\n<p>Agreg\u00f3 que \u201ctodo lo que inspira la reducci\u00f3n de la jornada laboral es que sea para tener m\u00e1s horas de descanso efectivo para la familia\u201d.<\/p>\n\n\n\n<p><strong>Horas extraordinarias y feriados. \u00bfC\u00f3mo se hace esto?<\/strong><strong><\/strong><\/p>\n\n\n\n<p>Otro aspecto destacado de la Ley es que empleadores y trabajadores podr\u00e1n pactar que&nbsp;las horas extraordinarias se compensen con d\u00edas adicionales de feriado.<\/p>\n\n\n\n<p>\u201cLa nueva Ley permite pactar hasta cinco d\u00edas h\u00e1biles de descanso adicional al a\u00f1o, los cuales deber\u00e1n ser utilizados por el trabajador dentro de los seis meses siguientes al ciclo en que se originaron las horas extraordinarias. Para esto, el trabajador deber\u00e1 dar aviso al empleador con 48 horas de anticipaci\u00f3n. Si no los solicita en la oportunidad indicada, corresponder\u00e1 su pago dentro de la remuneraci\u00f3n del respectivo per\u00edodo\u201d, explic\u00f3 el Seremi del Trabajo y Previsi\u00f3n Social, Ricardo Ebner Torres.<\/p>\n\n\n\n<p>La compensaci\u00f3n de horas extra por d\u00edas adicionales de feriado se regir\u00e1 por el mismo recargo que corresponde al r\u00e9gimen actual de pago de horas extraordinarias (recargo del 50% por sobre el sueldo convenido); es decir, por cada hora extraordinaria corresponder\u00e1 una hora y media de feriado. En caso de que existan d\u00edas pendientes de utilizar al t\u00e9rmino de la relaci\u00f3n laboral, ser\u00e1n compensados.<\/p>\n","protected":false},"excerpt":{"rendered":"<p>Para acceder a ambas opciones debe existir acuerdo entre trabajadores y empleadores<\/p>\n","protected":false},"author":1,"featured_media":20799,"comment_status":"closed","ping_status":"closed","sticky":false,"template":"","format":"standard","meta":{"footnotes":""},"categories":[3,2406,9],"tags":[2118,1205,337,273,247,133],"class_list":["post-20798","post","type-post","status-publish","format-standard","has-post-thumbnail","hentry","category-al-dia","category-empresas","category-gobierno","tag-semanariolocal","tag-40-horas","tag-informacion","tag-noticias","tag-region-de-los-lagos","tag-semanario-local"],"_links":{"self":[{"href":"https:\/\/www.semanariolocal.cl\/index.php?rest_route=\/wp\/v2\/posts\/20798","targetHints":{"allow":["GET"]}}],"collection":[{"href":"https:\/\/www.semanariolocal.cl\/index.php?rest_route=\/wp\/v2\/posts"}],"about":[{"href":"https:\/\/www.semanariolocal.cl\/index.php?rest_route=\/wp\/v2\/types\/post"}],"author":[{"embeddable":true,"href":"https:\/\/www.semanariolocal.cl\/index.php?rest_route=\/wp\/v2\/users\/1"}],"replies":[{"embeddable":true,"href":"https:\/\/www.semanariolocal.cl\/index.php?rest_route=%2Fwp%2Fv2%2Fcomments&post=20798"}],"version-history":[{"count":1,"href":"https:\/\/www.semanariolocal.cl\/index.php?rest_route=\/wp\/v2\/posts\/20798\/revisions"}],"predecessor-version":[{"id":20800,"href":"https:\/\/www.semanariolocal.cl\/index.php?rest_route=\/wp\/v2\/posts\/20798\/revisions\/20800"}],"wp:featuredmedia":[{"embeddable":true,"href":"https:\/\/www.semanariolocal.cl\/index.php?rest_route=\/wp\/v2\/media\/20799"}],"wp:attachment":[{"href":"https:\/\/www.semanariolocal.cl\/index.php?rest_route=%2Fwp%2Fv2%2Fmedia&parent=20798"}],"wp:term":[{"taxonomy":"category","embeddable":true,"href":"https:\/\/www.semanariolocal.cl\/index.php?rest_route=%2Fwp%2Fv2%2Fcategories&post=20798"},{"taxonomy":"post_tag","embeddable":true,"href":"https:\/\/www.semanariolocal.cl\/index.php?rest_route=%2Fwp%2Fv2%2Ftags&post=20798"}],"curies":[{"name":"wp","href":"https:\/\/api.w.org\/{rel}","templated":true}]}}