{"id":20780,"date":"2024-04-24T21:48:27","date_gmt":"2024-04-25T01:48:27","guid":{"rendered":"https:\/\/www.semanariolocal.cl\/?p=20780"},"modified":"2024-04-24T21:48:28","modified_gmt":"2024-04-25T01:48:28","slug":"chile-y-emiratos-arabes-unidos-ad-portas-de-firmar-acuerdo-economico-comercial","status":"publish","type":"post","link":"https:\/\/www.semanariolocal.cl\/?p=20780","title":{"rendered":"Chile y Emiratos \u00c1rabes Unidos ad portas de firmar acuerdo econ\u00f3mico-comercial"},"content":{"rendered":"\n<p>Esta ma\u00f1ana y despu\u00e9s de cuatro rondas de trabajo finalizaron las negociaciones del Acuerdo de Asociaci\u00f3n Econ\u00f3mica Integral (CEPA) entre Chile y los Emiratos \u00c1rabes Unidos (EAU). La ceremonia de cierre fue encabezada por la subsecretaria de Relaciones Econ\u00f3micas Internacionales, Claudia Sanhueza, y por el ministro de Comercio emirat\u00ed, Thani bin Ahmed Al Zeyoudi.<\/p>\n\n\n\n<p>La subsecretaria Sanhueza se\u00f1al\u00f3 que \u201ceste acuerdo marca un hito importante en nuestras relaciones bilaterales con los Emiratos \u00c1rabes Unidos y sienta las bases para la expansi\u00f3n del comercio, lo que abrir\u00e1 nuevas oportunidades para nuestros productores. La diversificaci\u00f3n de mercados es esencial para la econom\u00eda chilena y este acuerdo representa un paso significativo en esa direcci\u00f3n. Adem\u00e1s, impulsar\u00e1 el movimiento de inversiones entre ambos pa\u00edses, consolidando la relaci\u00f3n comercial entre Chile y los EAU\u201d.<\/p>\n\n\n<div class=\"wp-block-image\">\n<figure class=\"alignleft size-full is-resized\"><img loading=\"lazy\" decoding=\"async\" width=\"1000\" height=\"600\" src=\"https:\/\/www.semanariolocal.cl\/wp-content\/uploads\/2024\/04\/004comercio2.jpg\" alt=\"\" class=\"wp-image-20782\" style=\"width:477px;height:auto\" srcset=\"https:\/\/www.semanariolocal.cl\/wp-content\/uploads\/2024\/04\/004comercio2.jpg 1000w, https:\/\/www.semanariolocal.cl\/wp-content\/uploads\/2024\/04\/004comercio2-300x180.jpg 300w, https:\/\/www.semanariolocal.cl\/wp-content\/uploads\/2024\/04\/004comercio2-768x461.jpg 768w\" sizes=\"auto, (max-width: 1000px) 100vw, 1000px\" \/><\/figure>\n<\/div>\n\n\n<p>Agreg\u00f3 que \u201ces fundamental destacar que este acuerdo no incluye ninguna cl\u00e1usula que obstaculice las pol\u00edticas de industrializaci\u00f3n nacional. Chile se posiciona, as\u00ed como un socio confiable para la inversi\u00f3n extranjera y refuerza su compromiso con el desarrollo econ\u00f3mico sostenible\u201d.<\/p>\n\n\n\n<p>Por su parte, el ministro Al Zeyoudi, quien lleg\u00f3 a Santiago junto a una delegaci\u00f3n del Consejo Empresarial de su pa\u00eds, sostuvo que esperaba que este acuerdo permita incrementar el comercio bilateral y destac\u00f3 que es el primer acuerdo de EAU que incluye materias sobre empoderamiento econ\u00f3mico de las mujeres.<\/p>\n\n\n\n<p>La subsecretaria Sanhueza tambi\u00e9n se\u00f1al\u00f3 que \u201ceste acuerdo es el primero que Chile firma con el Medio Oriente, lo que representa una oportunidad estrat\u00e9gica para insertarnos en la regi\u00f3n. La apertura hacia nuevos horizontes comerciales fortalecer\u00e1 la presencia de Chile en un mercado din\u00e1mico y en crecimiento. Asimismo, es notable que este sea el primer acuerdo que los Emiratos \u00c1rabes Unidos firma y que incluye un cap\u00edtulo respecto al empoderamiento econ\u00f3mico de las mujeres. Lo que posiciona una vez m\u00e1s a nuestro pa\u00eds como uno que permite fomentar la participaci\u00f3n de mujeres en la econom\u00eda y la sociedad\u201d.<\/p>\n\n\n\n<p>Ambas autoridades firmaron una Declaraci\u00f3n Conjunta sobre el cierre de las negociaciones, y se\u00f1alaron que esperan pueda concretarse la firma del CEPA, durante la posible visita del Presidente Gabriel Boric este a\u00f1o a EAU.<\/p>\n\n\n\n<p>\u201cPara fortalecer a\u00fan m\u00e1s nuestros lazos, nuestro Presidente, Gabriel Boric, visitar\u00e1 los Emiratos \u00c1rabes Unidos durante este a\u00f1o, consolidando as\u00ed este importante pacto. Esta visita ser\u00e1 una oportunidad para profundizar a\u00fan m\u00e1s la cooperaci\u00f3n en diversas \u00e1reas\u201d, concluy\u00f3 la autoridad SUBREI.<\/p>\n\n\n\n<p><strong>Acuerdo de Asociaci\u00f3n Econ\u00f3mica Integral (CEPA)<\/strong><br>La cuarta y \u00faltima ronda de negociaciones fue dirigida por los jefes negociadores de Chile, Sebasti\u00e1n G\u00f3mez, director general de Asuntos Econ\u00f3micos Bilaterales de la Subsecretar\u00eda de Relaciones Econ\u00f3micas Internacionales (SUBREI), y Juma Al Kait, subsecretario Asistente de Comercio Internacional, del Ministerio de Econom\u00eda de Emiratos.<br><br>Este Acuerdo surge del inter\u00e9s com\u00fan de ambos pa\u00edses en diversificar su comercio e inversiones, especialmente en campos como energ\u00edas verdes, gesti\u00f3n de las consecuencias del clima global e infraestructura comercial. Y tiene en cuenta los nuevos desarrollos en la pol\u00edtica comercial internacional, a trav\u00e9s de un cap\u00edtulo sobre Empoderamiento Econ\u00f3mico de las Mujeres y cadenas globales de valor.<br><br>Para ambas naciones, el CEPA mejorar\u00e1 el intercambio comercial mutuo al permitir un amplio acceso a bienes, servicios y adquisiciones gubernamentales. El acceso al mercado se ver\u00e1 reforzado por un cap\u00edtulo sobre cooperaci\u00f3n econ\u00f3mica que incluir\u00e1 campos como el trabajo, la competencia y el medio ambiente.<br><br>Chile y Emiratos \u00c1rabes han tenido un creciente flujo de inversi\u00f3n en los \u00faltimos a\u00f1os en varios campos como puertos, bienes ra\u00edces, licitaciones p\u00fablicas, industria qu\u00edmicas y agronegocios.<br><br><strong>Cifras bilaterales Chile y EUA<\/strong><\/p>\n\n\n\n<ul class=\"wp-block-list\">\n<li>En 2023, el intercambio comercial entre Chile y EAU fue de US$ 259,8 millones.<\/li>\n\n\n\n<li>Desde 2018 a la fecha, el intercambio con los EAU ha crecido a una tasa promedio anual de 5,9%.<\/li>\n\n\n\n<li>Las exportaciones pasaron desde los US$ 153 millones en 2018 a los US$ 185 millones en 2023. Las importaciones se han expandieron desde los US$ 53 millones a los US$ 74 millones.<\/li>\n\n\n\n<li>A nivel global, EAU es el socio comercial n\u00famero 47, representando un 0,1% del intercambio 2023, siendo el segundo socio comercial en Medio Oriente despu\u00e9s de Arabia Saudita.<\/li>\n\n\n\n<li>EAU registra inversiones en Chile en: log\u00edstica portuaria; sector inmobiliario, en concesiones, en sector infraestructura.<\/li>\n<\/ul>\n\n\n\n<figure class=\"wp-block-image size-full\"><img loading=\"lazy\" decoding=\"async\" width=\"1000\" height=\"600\" src=\"https:\/\/www.semanariolocal.cl\/wp-content\/uploads\/2024\/04\/005comercio2.jpg\" alt=\"\" class=\"wp-image-20781\" srcset=\"https:\/\/www.semanariolocal.cl\/wp-content\/uploads\/2024\/04\/005comercio2.jpg 1000w, https:\/\/www.semanariolocal.cl\/wp-content\/uploads\/2024\/04\/005comercio2-300x180.jpg 300w, https:\/\/www.semanariolocal.cl\/wp-content\/uploads\/2024\/04\/005comercio2-768x461.jpg 768w\" sizes=\"auto, (max-width: 1000px) 100vw, 1000px\" \/><\/figure>\n","protected":false},"excerpt":{"rendered":"<p>\u00abEste acuerdo marca un hito importante en nuestras relaciones bilaterales con los Emiratos \u00c1rabes Unidos y sienta las bases para la expansi\u00f3n del comercio, lo que abrir\u00e1 nuevas oportunidades para nuestros productores\u00bb, indic\u00f3 la Subsecretaria de Relaciones Econ\u00f3micas Internacionales Claudia Sanhueza<\/p>\n","protected":false},"author":1,"featured_media":20783,"comment_status":"closed","ping_status":"closed","sticky":false,"template":"","format":"standard","meta":{"footnotes":""},"categories":[3,12,9],"tags":[2118,2009,337,273,247,677,133,3016],"class_list":["post-20780","post","type-post","status-publish","format-standard","has-post-thumbnail","hentry","category-al-dia","category-economia","category-gobierno","tag-semanariolocal","tag-claudia-sanhueza","tag-informacion","tag-noticias","tag-region-de-los-lagos","tag-relaciones-exteriores","tag-semanario-local","tag-subsecretaria-de-relaciones-economicas-internacionales"],"_links":{"self":[{"href":"https:\/\/www.semanariolocal.cl\/index.php?rest_route=\/wp\/v2\/posts\/20780","targetHints":{"allow":["GET"]}}],"collection":[{"href":"https:\/\/www.semanariolocal.cl\/index.php?rest_route=\/wp\/v2\/posts"}],"about":[{"href":"https:\/\/www.semanariolocal.cl\/index.php?rest_route=\/wp\/v2\/types\/post"}],"author":[{"embeddable":true,"href":"https:\/\/www.semanariolocal.cl\/index.php?rest_route=\/wp\/v2\/users\/1"}],"replies":[{"embeddable":true,"href":"https:\/\/www.semanariolocal.cl\/index.php?rest_route=%2Fwp%2Fv2%2Fcomments&post=20780"}],"version-history":[{"count":1,"href":"https:\/\/www.semanariolocal.cl\/index.php?rest_route=\/wp\/v2\/posts\/20780\/revisions"}],"predecessor-version":[{"id":20784,"href":"https:\/\/www.semanariolocal.cl\/index.php?rest_route=\/wp\/v2\/posts\/20780\/revisions\/20784"}],"wp:featuredmedia":[{"embeddable":true,"href":"https:\/\/www.semanariolocal.cl\/index.php?rest_route=\/wp\/v2\/media\/20783"}],"wp:attachment":[{"href":"https:\/\/www.semanariolocal.cl\/index.php?rest_route=%2Fwp%2Fv2%2Fmedia&parent=20780"}],"wp:term":[{"taxonomy":"category","embeddable":true,"href":"https:\/\/www.semanariolocal.cl\/index.php?rest_route=%2Fwp%2Fv2%2Fcategories&post=20780"},{"taxonomy":"post_tag","embeddable":true,"href":"https:\/\/www.semanariolocal.cl\/index.php?rest_route=%2Fwp%2Fv2%2Ftags&post=20780"}],"curies":[{"name":"wp","href":"https:\/\/api.w.org\/{rel}","templated":true}]}}