{"id":20689,"date":"2024-04-18T18:41:05","date_gmt":"2024-04-18T22:41:05","guid":{"rendered":"https:\/\/www.semanariolocal.cl\/?p=20689"},"modified":"2024-04-18T19:35:08","modified_gmt":"2024-04-18T23:35:08","slug":"senador-espinoza-denuncia-grave-caso-de-acoso-sexual-en-el-mop","status":"publish","type":"post","link":"https:\/\/www.semanariolocal.cl\/?p=20689","title":{"rendered":"Senador Espinoza denuncia grave caso de acoso sexual en el MOP"},"content":{"rendered":"\n<p>Un sumario interno del Ministerio de Obras P\u00fablicas, realizado tras la denuncia de una trabajadora, dictamin\u00f3 que un funcionario en calidad de Inspector Fiscal de la Direcci\u00f3n de Vialidad \u201cpresenta comportamientos no verbales de naturaleza sexual, miradas imp\u00fadicas, miradas lascivas y seguimientos inc\u00f3modos, invasivos y\/o amenazantes en espacios comunes del recinto regional del Ministerio de Obras P\u00fablicas\u201d, hacia denunciantes y otras funcionarias del departamento. Conducta que el senador (PS) Fidel Espinoza hab\u00eda denunciado con anterioridad.<\/p>\n\n\n\n<p>La resoluci\u00f3n se vio traducida en una sanci\u00f3n al funcionario a trav\u00e9s del descuento del 10% de su sueldo por un mes, determinaci\u00f3n que el parlamentario calific\u00f3 de \u201cabsolutamente burda.\u201d<\/p>\n\n\n\n<p>\u201cEs inexplicable el tipo de sanciones que se le otorgan a este funcionario. Nos parece que es una burla a todos los avances que Chile ha experimentado en el tema de la protecci\u00f3n de las mujeres. Aqu\u00ed, las conductas que hemos detallado reflejan que esta persona debi\u00f3 haber tenido sanciones mucho m\u00e1s fuertes, inclusive la destituci\u00f3n del servicio\u201d, se\u00f1al\u00f3 el senador.<\/p>\n\n\n\n<p>Espinoza asegur\u00f3 que nexos familiares del funcionario habr\u00edan influido en la sanci\u00f3n tomada tras el sumario, conexiones que estar\u00edan relacionadas justamente al departamento jur\u00eddico del Ministerio de Obras P\u00fablicas.<\/p>\n\n\n\n<p>Adem\u00e1s, el parlamentario realiz\u00f3 un llamado a que las instituciones se pronuncien con respecto al caso: \u201cEl llamado que yo le hago a la presidenta de la ANEF es que tenga la misma fuerza para combatir los actos de este tipo, ocurran donde ocurran y no selectivamente. He visto un silencio tremendo en los grupos feministas y en el propio gobierno. El Ministerio de la Mujer debiese tener una opini\u00f3n fundada respecto a lo que ocurri\u00f3. Esto es un atentado a los derechos de las mujeres.\u201d<\/p>\n\n\n\n<p>El senador Espinoza finaliz\u00f3 emplazando directamente a la Ministra de la Mujer y Equidad de G\u00e9nero: \u201cEl llamado que quiero hacer es a la Ministra Orellana, que ha sido tan sancionatoria con sus palabras en otros casos. Que esto lo condene. Y que ojal\u00e1 se le pida a las autoridades del MOP una revisi\u00f3n exhaustiva de las sanciones aqu\u00ed aplicadas. Son realmente incomprensibles y no se sostienen\u201d, sentenci\u00f3.<\/p>\n","protected":false},"excerpt":{"rendered":"<p>Reclamo y denuncia formal culmin\u00f3 con un sumario y un burda sanci\u00f3n a funcionario.  El parlamentario hab\u00eda denunciado con anterioridad la conducta del funcionario, el cual fue sancionado con el descuento de un 10% de su sueldo por un mes, pese a la gravedad de las acusaciones en su contra. <\/p>\n","protected":false},"author":1,"featured_media":20690,"comment_status":"closed","ping_status":"closed","sticky":false,"template":"","format":"standard","meta":{"footnotes":""},"categories":[3,6,2483],"tags":[2118,2993,532,337,658,427,273,247,133,702],"class_list":["post-20689","post","type-post","status-publish","format-standard","has-post-thumbnail","hentry","category-al-dia","category-politica","category-region","tag-semanariolocal","tag-acoso-sexual","tag-denuncia","tag-informacion","tag-ministerio-de-obras-publicas","tag-mop","tag-noticias","tag-region-de-los-lagos","tag-semanario-local","tag-senador-fidel-espinoza"],"_links":{"self":[{"href":"https:\/\/www.semanariolocal.cl\/index.php?rest_route=\/wp\/v2\/posts\/20689","targetHints":{"allow":["GET"]}}],"collection":[{"href":"https:\/\/www.semanariolocal.cl\/index.php?rest_route=\/wp\/v2\/posts"}],"about":[{"href":"https:\/\/www.semanariolocal.cl\/index.php?rest_route=\/wp\/v2\/types\/post"}],"author":[{"embeddable":true,"href":"https:\/\/www.semanariolocal.cl\/index.php?rest_route=\/wp\/v2\/users\/1"}],"replies":[{"embeddable":true,"href":"https:\/\/www.semanariolocal.cl\/index.php?rest_route=%2Fwp%2Fv2%2Fcomments&post=20689"}],"version-history":[{"count":1,"href":"https:\/\/www.semanariolocal.cl\/index.php?rest_route=\/wp\/v2\/posts\/20689\/revisions"}],"predecessor-version":[{"id":20691,"href":"https:\/\/www.semanariolocal.cl\/index.php?rest_route=\/wp\/v2\/posts\/20689\/revisions\/20691"}],"wp:featuredmedia":[{"embeddable":true,"href":"https:\/\/www.semanariolocal.cl\/index.php?rest_route=\/wp\/v2\/media\/20690"}],"wp:attachment":[{"href":"https:\/\/www.semanariolocal.cl\/index.php?rest_route=%2Fwp%2Fv2%2Fmedia&parent=20689"}],"wp:term":[{"taxonomy":"category","embeddable":true,"href":"https:\/\/www.semanariolocal.cl\/index.php?rest_route=%2Fwp%2Fv2%2Fcategories&post=20689"},{"taxonomy":"post_tag","embeddable":true,"href":"https:\/\/www.semanariolocal.cl\/index.php?rest_route=%2Fwp%2Fv2%2Ftags&post=20689"}],"curies":[{"name":"wp","href":"https:\/\/api.w.org\/{rel}","templated":true}]}}