{"id":20683,"date":"2024-04-18T18:03:44","date_gmt":"2024-04-18T22:03:44","guid":{"rendered":"https:\/\/www.semanariolocal.cl\/?p=20683"},"modified":"2024-04-18T18:03:46","modified_gmt":"2024-04-18T22:03:46","slug":"conadi-destina-150-millones-para-riego-en-apoyo-a-comunidades-de-chaiten-y-palenas","status":"publish","type":"post","link":"https:\/\/www.semanariolocal.cl\/?p=20683","title":{"rendered":"CONADI\u00a0destina $150 millones para Riego en apoyo a Comunidades de\u00a0Chait\u00e9n\u00a0y\u00a0Palenas."},"content":{"rendered":"\n<p>Hasta la provincia de&nbsp;Palenas&nbsp;se traslad\u00f3 la Directora Regional de&nbsp;Conadi&nbsp;Marcela Urbano para desarrollar una serie de actividades que se enmarcan en el programa para la implementaci\u00f3n de obras de riego para familias ind\u00edgenas.<\/p>\n\n\n\n<p>La implementaci\u00f3n de sistemas de riego para familias ind\u00edgenas de la provincia de&nbsp;Palenas, al igual que en todo el territorio nacional, busca dotar de sistemas de riego en predios ind\u00edgenas, aumentado as\u00ed la producci\u00f3n de las tierras a trav\u00e9s del vital elemento. En la Comuna de&nbsp;Chait\u00e9n&nbsp;la Directora regional se reuni\u00f3 con el Delegado Presidencial Provincial Luis Monta\u00f1a y su equipo de trabajo para revisar distintas actividades que se est\u00e1n desarrollando en la zona. En la oportunidad se firm\u00f3 entre Conadi&nbsp;y la Delegaci\u00f3n Provincial un nuevo convenio de transferencia de recursos para la ejecuci\u00f3n de proyectos de riego en la provincia por un monto de $ 100 Millones de pesos para el desarrollo de al menos 8 nuevos proyectos de riego.<\/p>\n\n\n\n<p>En tanto que durante la tarde del lunes Marcela Urbano se reuni\u00f3 con el Alcalde de la comuna de&nbsp;Palena&nbsp;Julio Delgado Retamal instancia en la que se realiz\u00f3 una actividad de cierre del convenio 2023 de Obras de Riego y se firm\u00f3 un nuevo convenio de transferencia de fondos para ejecuci\u00f3n del mismo convenio durante el periodo del 2024 por un monto de $50 millones de pesos.<\/p>\n\n\n\n<p>La visita de la Directora Regional finaliz\u00f3 con una reuni\u00f3n ampliada y conversatorio en&nbsp;Chait\u00e9n&nbsp;con distintas comunidades ind\u00edgenas. En esta instancia las comunidades manifestaron sus principales necesidades y el anhelo de materializar la conformaci\u00f3n de una mesa territorial ind\u00edgena que facilite un di\u00e1logo permanente para tratar las variadas problem\u00e1ticas que surgen en sus respectivos territorios y que pueden ser canalizadas a trav\u00e9s de&nbsp;Conadi.&nbsp;<\/p>\n","protected":false},"excerpt":{"rendered":"<p>\u201cEl mandato de nuestro Director Nacional Luis\u00a0Penchuleo\u00a0es llegar con apoyos concretos a los sectores m\u00e1s apartados de la regi\u00f3n\u201d, indic\u00f3 Marcela Urbano, Directora Regional de los Lagos de Conadi<\/p>\n","protected":false},"author":1,"featured_media":20684,"comment_status":"closed","ping_status":"closed","sticky":false,"template":"","format":"standard","meta":{"footnotes":""},"categories":[3,8,9,2483],"tags":[2118,2989,337,273,2990,132,1030,247,133],"class_list":["post-20683","post","type-post","status-publish","format-standard","has-post-thumbnail","hentry","category-al-dia","category-comunas","category-gobierno","category-region","tag-semanariolocal","tag-chaiten","tag-informacion","tag-noticias","tag-obras-de-riego","tag-osorno","tag-palenas","tag-region-de-los-lagos","tag-semanario-local"],"_links":{"self":[{"href":"https:\/\/www.semanariolocal.cl\/index.php?rest_route=\/wp\/v2\/posts\/20683","targetHints":{"allow":["GET"]}}],"collection":[{"href":"https:\/\/www.semanariolocal.cl\/index.php?rest_route=\/wp\/v2\/posts"}],"about":[{"href":"https:\/\/www.semanariolocal.cl\/index.php?rest_route=\/wp\/v2\/types\/post"}],"author":[{"embeddable":true,"href":"https:\/\/www.semanariolocal.cl\/index.php?rest_route=\/wp\/v2\/users\/1"}],"replies":[{"embeddable":true,"href":"https:\/\/www.semanariolocal.cl\/index.php?rest_route=%2Fwp%2Fv2%2Fcomments&post=20683"}],"version-history":[{"count":1,"href":"https:\/\/www.semanariolocal.cl\/index.php?rest_route=\/wp\/v2\/posts\/20683\/revisions"}],"predecessor-version":[{"id":20685,"href":"https:\/\/www.semanariolocal.cl\/index.php?rest_route=\/wp\/v2\/posts\/20683\/revisions\/20685"}],"wp:featuredmedia":[{"embeddable":true,"href":"https:\/\/www.semanariolocal.cl\/index.php?rest_route=\/wp\/v2\/media\/20684"}],"wp:attachment":[{"href":"https:\/\/www.semanariolocal.cl\/index.php?rest_route=%2Fwp%2Fv2%2Fmedia&parent=20683"}],"wp:term":[{"taxonomy":"category","embeddable":true,"href":"https:\/\/www.semanariolocal.cl\/index.php?rest_route=%2Fwp%2Fv2%2Fcategories&post=20683"},{"taxonomy":"post_tag","embeddable":true,"href":"https:\/\/www.semanariolocal.cl\/index.php?rest_route=%2Fwp%2Fv2%2Ftags&post=20683"}],"curies":[{"name":"wp","href":"https:\/\/api.w.org\/{rel}","templated":true}]}}