{"id":20568,"date":"2024-04-11T08:02:00","date_gmt":"2024-04-11T12:02:00","guid":{"rendered":"https:\/\/www.semanariolocal.cl\/?p=20568"},"modified":"2024-04-11T20:08:55","modified_gmt":"2024-04-12T00:08:55","slug":"tres-programas-de-acompanamiento-familiar-iniciaron-su-ejecucion","status":"publish","type":"post","link":"https:\/\/www.semanariolocal.cl\/?p=20568","title":{"rendered":"Tres Programas de Acompa\u00f1amiento Familiar iniciaron su ejecuci\u00f3n"},"content":{"rendered":"\n<p>Tres Programas de Acompa\u00f1amiento Familiar Territorial (AFT \u2013 PF) iniciaron su ejecuci\u00f3n bajo el alero de ONG Coincide. AFT PF Purranque \u2013 R\u00edo Negro, AFT \u2013 PF Porvenir (Tierra del fuego) y AFT \u2013 PF San Juan de la Costa.<\/p>\n\n\n\n<p>Esta nueva l\u00ednea de intervenci\u00f3n del Servicio de Protecci\u00f3n Especializada a la Ni\u00f1ez y Adolescencia, contempla un programa de Prevenci\u00f3n Focalizada, transform\u00e1ndose en un modelo integrado para la atenci\u00f3n de ni\u00f1as, ni\u00f1os y adolescentes (NNA) en situaci\u00f3n de desprotecci\u00f3n inicial a intermedia.<\/p>\n\n\n\n<p>Hasta el a\u00f1o pasado, tanto en Purranque como en Porvenir, se desarrollaban los programas de Prevenci\u00f3n Focalizada (PPF), por lo cual en este per\u00edodo han implementado la nueva l\u00ednea en sus respectivos equipos, tras la adjudicaci\u00f3n de dichos proyectos por parte de la ONG Coincide.<\/p>\n\n\n\n<p>Paulina Benn, directora de AFT \u2013 PF Purranque &#8211;&nbsp; R\u00edo Negro, explic\u00f3 que el nuevo modelo de intervenci\u00f3n permite una mirada interdisciplinaria en torno a los casos que se atienden, que en el programa corresponde a 80 NNA, actualmente. \u201c<em>AFT-PF incorpora el enfoque terap\u00e9utico, que permite trabajar en sesi\u00f3n las vulneraciones de derecho vivenciadas, de acuerdo a las necesidades de los NNA para interrumpir y prevenir nuevas vulneraciones. Otra diferencia con PPF es la dotaci\u00f3n de profesionales y conformaci\u00f3n de equipo: En la actualidad se trabaja en modalidad de dupla psicosocial, lo que favorece una mirada interdisciplinaria de la intervenci\u00f3n y disminuye sesgos. Adem\u00e1s la dupla atiende un total de 20 casos, lo que permite aumentar la frecuencia de trabajo con cada familia y seguimiento permanente de la situaci\u00f3n proteccional de los NNA<\/em>\u201d, sostuvo.<\/p>\n\n\n\n<p>En el caso de AFT PF San Juan de la Costa, su directora, Daniela P\u00e9rez, expres\u00f3 que el proceso de implementaci\u00f3n del programa, que funciona desde la comuna de Osorno, ha sido desafiante. \u201c<em>Hemos tenido capacitaciones, sobre la metodolog\u00eda de intervenci\u00f3n, de manera interna como desde el Servicio (de Protecci\u00f3n Especializada a la Ni\u00f1ez y Adolescencia) y para nosotros y para la ONG ha sido desafiante, tanto desde la implementaci\u00f3n&nbsp; de la infraestructura, las intervenciones con&nbsp; grupos familiares, porque hemos tenido que transformar la visi\u00f3n de las familias respecto a la intervenci\u00f3n. Si bien muchos reconoc\u00edan procesos terap\u00e9uticos desde Cesfam, o por las intervenciones psicosociales en la modalidad PPF, el cambio de paradigma en AFT PF es nuevo; es una modalidad que busca entregar acompa\u00f1amiento terap\u00e9utico a NNA y a sus grupos familiares, y adem\u00e1s es complementario el programa de prevenci\u00f3n que articula y focaliza la gesti\u00f3n comunitaria, que desde PPF se dejaba un poco de lado. Por tanto, es muy potente el acompa\u00f1amiento en un enfoque integrado y sist\u00e9mico\u201d<\/em>, observ\u00f3.<\/p>\n\n\n\n<p>El principal objetivo del programa AFT \u2013 PF es contribuir a la interrupci\u00f3n y resignificaci\u00f3n de las experiencias de violencia que han vivido en sus contextos familiares evitando su cronificaci\u00f3n.&nbsp;<em>\u201cEsta metodolog\u00eda busca entregar acompa\u00f1amiento terap\u00e9utico al NNA como a la familia y promover recursos personales de los ni\u00f1os, como aquellos parentales hacia los grupos familiares. Esto bajo dimensiones como la terap\u00e9utica, el abordaje de experiencias adversas, agencia personal, fortalecimiento de recursos personales, fortalecimiento de soportes intersectoriales y comunitarios y esto se genera en un modelo integrado, de cuatro etapas previas al egreso<\/em>\u201d, destac\u00f3 la profesional.<\/p>\n\n\n\n<p>Desde Tierra del Fuego, la directora de AFT \u2013 PF Porvenir, B\u00e1rbara Vera, tambi\u00e9n consider\u00f3 que ha sido un desaf\u00edo la implementaci\u00f3n del proyecto. \u201c<em>El programa AFT-PF Porvenir est\u00e1 en implementaci\u00f3n desde enero de este a\u00f1o, posicion\u00e1ndose como uno de los proyectos pioneros a nivel interventivo de la nueva oferta program\u00e1tica del Servicio de Protecci\u00f3n Especializada a la Ni\u00f1ez y Adolescencia, y unos de los programas m\u00e1s australes del pa\u00eds, lo que ha significado tener que enfrentarnos a desaf\u00edos, que son propios cuando se ponen en marcha nuevas apuestas. Uno de ellos, dice relaci\u00f3n con que justamente al ser una modalidad nueva a nivel nacional, hemos tenido que \u201cpresentar\u201d a los NAA, sus familias y las redes los nuevos lineamientos t\u00e9cnicos, donde se busca hacer un acompa\u00f1amiento terap\u00e9utico, con un mayor nivel de profundidad en las intervenciones, y con ello, desmarcarnos lo que antes era la l\u00ednea PPF\u201d,&nbsp;<\/em>puntualiz\u00f3.<\/p>\n","protected":false},"excerpt":{"rendered":"<p>En Osorno, Purranque y Porvenir, Tierra del Fuego, se encuentran los equipos de esta nueva modalidad de intervenci\u00f3n del Servicio de Protecci\u00f3n Especializada a la Ni\u00f1ez y Adolescencia<\/p>\n","protected":false},"author":1,"featured_media":20569,"comment_status":"closed","ping_status":"closed","sticky":false,"template":"","format":"standard","meta":{"footnotes":""},"categories":[3],"tags":[2118,337,273,2962,247,133],"class_list":["post-20568","post","type-post","status-publish","format-standard","has-post-thumbnail","hentry","category-al-dia","tag-semanariolocal","tag-informacion","tag-noticias","tag-ong-coincide","tag-region-de-los-lagos","tag-semanario-local"],"_links":{"self":[{"href":"https:\/\/www.semanariolocal.cl\/index.php?rest_route=\/wp\/v2\/posts\/20568","targetHints":{"allow":["GET"]}}],"collection":[{"href":"https:\/\/www.semanariolocal.cl\/index.php?rest_route=\/wp\/v2\/posts"}],"about":[{"href":"https:\/\/www.semanariolocal.cl\/index.php?rest_route=\/wp\/v2\/types\/post"}],"author":[{"embeddable":true,"href":"https:\/\/www.semanariolocal.cl\/index.php?rest_route=\/wp\/v2\/users\/1"}],"replies":[{"embeddable":true,"href":"https:\/\/www.semanariolocal.cl\/index.php?rest_route=%2Fwp%2Fv2%2Fcomments&post=20568"}],"version-history":[{"count":1,"href":"https:\/\/www.semanariolocal.cl\/index.php?rest_route=\/wp\/v2\/posts\/20568\/revisions"}],"predecessor-version":[{"id":20570,"href":"https:\/\/www.semanariolocal.cl\/index.php?rest_route=\/wp\/v2\/posts\/20568\/revisions\/20570"}],"wp:featuredmedia":[{"embeddable":true,"href":"https:\/\/www.semanariolocal.cl\/index.php?rest_route=\/wp\/v2\/media\/20569"}],"wp:attachment":[{"href":"https:\/\/www.semanariolocal.cl\/index.php?rest_route=%2Fwp%2Fv2%2Fmedia&parent=20568"}],"wp:term":[{"taxonomy":"category","embeddable":true,"href":"https:\/\/www.semanariolocal.cl\/index.php?rest_route=%2Fwp%2Fv2%2Fcategories&post=20568"},{"taxonomy":"post_tag","embeddable":true,"href":"https:\/\/www.semanariolocal.cl\/index.php?rest_route=%2Fwp%2Fv2%2Ftags&post=20568"}],"curies":[{"name":"wp","href":"https:\/\/api.w.org\/{rel}","templated":true}]}}