{"id":20565,"date":"2024-04-11T09:58:00","date_gmt":"2024-04-11T13:58:00","guid":{"rendered":"https:\/\/www.semanariolocal.cl\/?p=20565"},"modified":"2024-04-11T20:02:11","modified_gmt":"2024-04-12T00:02:11","slug":"realizan-primer-seminario-del-programa-para-la-soberania-alimentaria-de-la-region-de-los-rios","status":"publish","type":"post","link":"https:\/\/www.semanariolocal.cl\/?p=20565","title":{"rendered":"Realizan primer seminario del programa para la soberan\u00eda alimentaria de la Regi\u00f3n de Los R\u00edos"},"content":{"rendered":"\n<p>El primer seminario del programa \u201cModelo Agroalimentario para la Soberan\u00eda Alimentaria de la Regi\u00f3n de Los R\u00edos\u201d, ejecutado por el Instituto de Investigaciones Agropecuarias (INIA) y financiado por el Gobierno Regional de Los R\u00edos, se realiz\u00f3 hoy en el Centro de Innovaci\u00f3n Colaborativa (CIC) de Los R\u00edos, ubicado en la comuna de M\u00e1fil.<\/p>\n\n\n\n<p>La actividad fue encabezada por el gobernador regional de Los R\u00edos Luis Cuvertino G\u00f3mez, el consejero regional H\u00e9ctor Pacheco y los directores regionales de INIA Remehue Manuel Mu\u00f1oz, de INDAP Alejandra Bartsch y del SAG Carlos Burgos, entre otras autoridades, dirigentes, agricultores y representantes de los equipos t\u00e9cnicos que apoyan a la agricultura familiar campesina.<\/p>\n\n\n\n<p>Durante la instancia, el gobernador Luis Cuvertino, resalt\u00f3 la importancia que tiene para la ciudadan\u00eda y la poblaci\u00f3n de la Regi\u00f3n de Los R\u00edos contar con alimentos adecuados en especial en per\u00edodos cr\u00edticos y tambi\u00e9n valor\u00f3 el conocimiento de los profesionales del INIA y su experiencia en temas de investigaci\u00f3n, semillas, desarrollo de variedades adaptadas al cambio clim\u00e1tico y de alta productividad y en todas las tecnolog\u00edas para la producci\u00f3n de alimentos sanos, inocuos y con un enfoque sustentable.<\/p>\n\n\n\n<p><strong>Programa<\/strong><\/p>\n\n\n\n<p>En la oportunidad expusieron investigadores de distintos centros regionales de INIA, especialistas en trigo, quinoa, legumbres, semillas y control biol\u00f3gico de plagas, entre ellos, el Dr. Iv\u00e1n Matus, investigador de INIA Quilamapu, sobre el rol del cultivo de trigo en la estrategia de soberan\u00eda alimentaria para la Regi\u00f3n de Los R\u00edos; el Dr. F\u00e9lix Estrada, investigador de INIA Rayentu\u00e9, acerca de la quinoa como una alternativa productiva para la Regi\u00f3n de Los R\u00edos; el Dr. Kianyon Tay, investigador de INIA Quilamapu, con el tema: potenciando la agricultura regional de legumbres y la prosperidad local.<\/p>\n\n\n\n<p>Adem\u00e1s, la Dra. Erika Salazar, investigadora de INIA La Platina con el tema m\u00e1s semillas para promover la conservaci\u00f3n y seguridad alimentaria en Chile: el modelo integrado de INIA y el Dr. Claudio Salas, investigador y entom\u00f3logo de INIA Remehue, sobre la promoci\u00f3n de la biodiversidad para fortalecer la soberan\u00eda alimentaria: un di\u00e1logo imprescindible.<\/p>\n","protected":false},"excerpt":{"rendered":"<p>En la actividad encabezada por el gobernador regional de Los R\u00edos Luis Cuvertino expusieron expertos de distintos centros regionales del Instituto de Investigaciones Agropecuarias (INIA).<\/p>\n","protected":false},"author":1,"featured_media":20566,"comment_status":"closed","ping_status":"closed","sticky":false,"template":"","format":"standard","meta":{"footnotes":""},"categories":[20,3,2541],"tags":[2118,337,557,708,273,247,133],"class_list":["post-20565","post","type-post","status-publish","format-standard","has-post-thumbnail","hentry","category-agro","category-al-dia","category-investigacion","tag-semanariolocal","tag-informacion","tag-inia","tag-investigacion","tag-noticias","tag-region-de-los-lagos","tag-semanario-local"],"_links":{"self":[{"href":"https:\/\/www.semanariolocal.cl\/index.php?rest_route=\/wp\/v2\/posts\/20565","targetHints":{"allow":["GET"]}}],"collection":[{"href":"https:\/\/www.semanariolocal.cl\/index.php?rest_route=\/wp\/v2\/posts"}],"about":[{"href":"https:\/\/www.semanariolocal.cl\/index.php?rest_route=\/wp\/v2\/types\/post"}],"author":[{"embeddable":true,"href":"https:\/\/www.semanariolocal.cl\/index.php?rest_route=\/wp\/v2\/users\/1"}],"replies":[{"embeddable":true,"href":"https:\/\/www.semanariolocal.cl\/index.php?rest_route=%2Fwp%2Fv2%2Fcomments&post=20565"}],"version-history":[{"count":1,"href":"https:\/\/www.semanariolocal.cl\/index.php?rest_route=\/wp\/v2\/posts\/20565\/revisions"}],"predecessor-version":[{"id":20567,"href":"https:\/\/www.semanariolocal.cl\/index.php?rest_route=\/wp\/v2\/posts\/20565\/revisions\/20567"}],"wp:featuredmedia":[{"embeddable":true,"href":"https:\/\/www.semanariolocal.cl\/index.php?rest_route=\/wp\/v2\/media\/20566"}],"wp:attachment":[{"href":"https:\/\/www.semanariolocal.cl\/index.php?rest_route=%2Fwp%2Fv2%2Fmedia&parent=20565"}],"wp:term":[{"taxonomy":"category","embeddable":true,"href":"https:\/\/www.semanariolocal.cl\/index.php?rest_route=%2Fwp%2Fv2%2Fcategories&post=20565"},{"taxonomy":"post_tag","embeddable":true,"href":"https:\/\/www.semanariolocal.cl\/index.php?rest_route=%2Fwp%2Fv2%2Ftags&post=20565"}],"curies":[{"name":"wp","href":"https:\/\/api.w.org\/{rel}","templated":true}]}}