{"id":20562,"date":"2024-04-11T07:44:00","date_gmt":"2024-04-11T11:44:00","guid":{"rendered":"https:\/\/www.semanariolocal.cl\/?p=20562"},"modified":"2024-04-11T19:57:44","modified_gmt":"2024-04-11T23:57:44","slug":"cooprinsem-impulso-la-eficiencia-agricola-en-una-nueva-version-de-field-days-latin-america","status":"publish","type":"post","link":"https:\/\/www.semanariolocal.cl\/?p=20562","title":{"rendered":"Cooprinsem impuls\u00f3 la eficiencia agr\u00edcola en una nueva versi\u00f3n de Field Days Latin America"},"content":{"rendered":"\n<p>Esta instancia de agronegocios, que reuni\u00f3 a expertos, autoridades y empresas de Nueva Zelandia, tuvo como objetivo principal compartir conocimientos para mejorar la productividad, sustentabilidad y eficiencia en diversos rubros productivos. La plataforma estuvo destinada a conectar a la comunidad productiva, tecnol\u00f3gica e institucional de Chile y Latinoam\u00e9rica.<\/p>\n\n\n\n<p>La nueva versi\u00f3n del Field Days Latin America busc\u00f3 promocionar tecnolog\u00edas y conocimientos capaces de impulsar la eficiencia a bajo costo. Como parte de sus actividades, una delegaci\u00f3n de representantes visit\u00f3 las instalaciones del Centro de Laboratorios de Cooprinsem, reconocidas como las m\u00e1s avanzadas en Chile y Sudam\u00e9rica, consolid\u00e1ndose como un referente en la prestaci\u00f3n de servicios de excelencia.<\/p>\n\n\n\n<p>Durante esta experiencia, los profesionales presenciaron de cerca tecnolog\u00edas de vanguardia y pr\u00e1cticas agr\u00edcolas sostenibles implementadas por la cooperativa, l\u00edder en el sector agr\u00edcola nacional.<\/p>\n\n\n\n<p>Gustavo Garza, CEO de Milktech NZ Ltd., expres\u00f3 su sorpresa al visitar estas instalaciones, destacando el nivel de calidad equiparable al est\u00e1ndar mundial. \u00abSe ve que Cooprinsem est\u00e1 a la vanguardia tecnol\u00f3gica, liderando el sector. Hay muchos pa\u00edses que a\u00fan no han alcanzado el nivel de desarrollo de esta cooperativa. Ser\u00eda importante que Cooprinsem expandiera su presencia a otros pa\u00edses para compartir y aplicar los mismos sistemas que han demostrado ser exitosos aqu\u00ed\u00bb.<\/p>\n\n\n\n<p><strong>Exposici\u00f3n en terreno<\/strong><\/p>\n\n\n\n<p>A su vez, Cooprinsem estuvo presente en el Fundo La Mosqueta de \u201cAgr\u00edcola Dos Kiwis\u00bb, lugar al cual concurrieron autoridades, representantes agr\u00edcolas, productores y profesionales del \u00e1rea. Aqu\u00ed, dieron a conocer marcas especializadas de representaci\u00f3n exclusiva, junto con una amplia variedad de productos y atractivas ofertas para los asistentes.<\/p>\n\n\n\n<p>En el \u00e1mbito de maquinarias, la cooperativa realiz\u00f3 una implementaci\u00f3n y accesorios agr\u00edcolas neozelandeses en cuatrimoto, exhibiendo a C-Dax, marca especialista en accesorios para motos. Adem\u00e1s, cont\u00f3 con una estaci\u00f3n de manejo de purines y de riego, dando a conocer las marcas Numedic y Kline, sistema especializado en riego por aspersi\u00f3n para praderas.<\/p>\n\n\n\n<p>En el \u00e1rea gen\u00e9tica, Cooprinsem estuvo presente con CRV, especialistas en gen\u00e9tica bovina, dictando una charla centrada en el impulso de la eficiencia en los sistemas agr\u00edcolas.<\/p>\n\n\n\n<p>De igual manera, la cooperativa present\u00f3 las balanzas Tru Trest en la estaci\u00f3n de pesaje y sus cercos el\u00e9ctricos PEL, mientras que en la estaci\u00f3n de semillas, el Director T\u00e9cnico de la Unidad de Semillas, Felipe Salinas, dict\u00f3 una charla centrada en las variedades y especies forrajeras con las que trabaja la cooperativa.<\/p>\n\n\n\n<p>El Embajador (S) de Nueva Zelandia, Jon Preston, resalt\u00f3 las similitudes entre esta zona y su pa\u00eds, en cuanto a paisaje, calidez de las personas y sistemas productivos, manifestando que \u00abNueva Zelandia est\u00e1 aqu\u00ed hoy, para ofrecer soluciones innovadoras desarrolladas a lo largo de los a\u00f1os, tecnolog\u00edas avanzadas y aplicaciones de nuestra industria. Por eso, junto a esta actividad, queremos contribuir al sector primario chileno para que alcance sus metas de eficiencia y productividad, y as\u00ed impulsar el desarrollo regional, una prioridad para Chile\u00bb.<\/p>\n\n\n\n<p>Por su parte, Felipe Gottschalk, Gerente General de Cooprinsem, recalc\u00f3 que \u00abpara nosotros es definitivamente una tremenda oportunidad que nos ofrecen, de exponer nuestros productos, de m\u00e1s de 15 empresas que representamos de Nueva Zelandia. Tenemos una larga historia con este pa\u00eds, al haber sido de las primeras empresas locales en introducir tecnolog\u00eda neozelandesa en Chile\u00bb.<\/p>\n\n\n\n<p>Asimismo, Gottschalk a\u00f1adi\u00f3 que \u00aben estas jornadas buscamos sacar el mejor provecho para exponer y compartir con nuestros clientes y socios todas aquellas novedades y tecnolog\u00edas que importamos desde el pa\u00eds oce\u00e1nico desde hace ya varios a\u00f1os\u00bb.<\/p>\n\n\n\n<p>Por su parte, Sara Reyes, agregada comercial de Nueva Zelandia, afirm\u00f3 que \u00abllevamos once a\u00f1os realizando esta feria, lo cual es muy importante y muestra el compromiso de Nueva Zelandia con Chile. En 2015 comenzamos con 40 marcas y ahora son 70, lo que demuestra el crecimiento en tecnolog\u00eda, innovaciones y la s\u00f3lida colaboraci\u00f3n entre ambos pa\u00edses\u201d.<\/p>\n\n\n\n<p>Finalmente, la agregada comercial apunt\u00f3 que \u00abtenemos muchas similitudes, y la tecnolog\u00eda contribuye significativamente a la producci\u00f3n lechera. La idea de esta versi\u00f3n fue proyectar una mirada hacia el futuro, identificar las tecnolog\u00edas actuales y anticipar las necesidades futuras. Nos enfrentamos a importantes desaf\u00edos de sustentabilidad, y creo que en este tipo de ferias se pueden encontrar muchas soluciones que contribuyen a resolver estos problemas\u00bb.&nbsp;<\/p>\n","protected":false},"excerpt":{"rendered":"<p>Recientemente, Osorno fue testigo de una nueva celebraci\u00f3n agr\u00edcola bajo el lema \u00abEl d\u00eda de campo con visi\u00f3n de futuro\u00bb, con la realizaci\u00f3n de la XI\u00b0 edici\u00f3n del Field Days Latin America, evento organizado por la Oficina Comercial de Nueva Zelandia en Chile.<\/p>\n","protected":false},"author":1,"featured_media":20563,"comment_status":"closed","ping_status":"closed","sticky":false,"template":"","format":"standard","meta":{"footnotes":""},"categories":[20,3,12,2406,2483],"tags":[2118,34,2961,337,273,2960,247,133],"class_list":["post-20562","post","type-post","status-publish","format-standard","has-post-thumbnail","hentry","category-agro","category-al-dia","category-economia","category-empresas","category-region","tag-semanariolocal","tag-cooprinsem","tag-felipe-gottschalk","tag-informacion","tag-noticias","tag-nueva-zelanda","tag-region-de-los-lagos","tag-semanario-local"],"_links":{"self":[{"href":"https:\/\/www.semanariolocal.cl\/index.php?rest_route=\/wp\/v2\/posts\/20562","targetHints":{"allow":["GET"]}}],"collection":[{"href":"https:\/\/www.semanariolocal.cl\/index.php?rest_route=\/wp\/v2\/posts"}],"about":[{"href":"https:\/\/www.semanariolocal.cl\/index.php?rest_route=\/wp\/v2\/types\/post"}],"author":[{"embeddable":true,"href":"https:\/\/www.semanariolocal.cl\/index.php?rest_route=\/wp\/v2\/users\/1"}],"replies":[{"embeddable":true,"href":"https:\/\/www.semanariolocal.cl\/index.php?rest_route=%2Fwp%2Fv2%2Fcomments&post=20562"}],"version-history":[{"count":1,"href":"https:\/\/www.semanariolocal.cl\/index.php?rest_route=\/wp\/v2\/posts\/20562\/revisions"}],"predecessor-version":[{"id":20564,"href":"https:\/\/www.semanariolocal.cl\/index.php?rest_route=\/wp\/v2\/posts\/20562\/revisions\/20564"}],"wp:featuredmedia":[{"embeddable":true,"href":"https:\/\/www.semanariolocal.cl\/index.php?rest_route=\/wp\/v2\/media\/20563"}],"wp:attachment":[{"href":"https:\/\/www.semanariolocal.cl\/index.php?rest_route=%2Fwp%2Fv2%2Fmedia&parent=20562"}],"wp:term":[{"taxonomy":"category","embeddable":true,"href":"https:\/\/www.semanariolocal.cl\/index.php?rest_route=%2Fwp%2Fv2%2Fcategories&post=20562"},{"taxonomy":"post_tag","embeddable":true,"href":"https:\/\/www.semanariolocal.cl\/index.php?rest_route=%2Fwp%2Fv2%2Ftags&post=20562"}],"curies":[{"name":"wp","href":"https:\/\/api.w.org\/{rel}","templated":true}]}}