{"id":20548,"date":"2024-04-10T19:28:13","date_gmt":"2024-04-10T23:28:13","guid":{"rendered":"https:\/\/www.semanariolocal.cl\/?p=20548"},"modified":"2024-04-10T19:28:14","modified_gmt":"2024-04-10T23:28:14","slug":"gremios-tradicionales-de-las-pymes-por-pacto-fiscal-esperamos-que-sea-aprobado-por-todos","status":"publish","type":"post","link":"https:\/\/www.semanariolocal.cl\/?p=20548","title":{"rendered":"Gremios tradicionales de las Pymes por Pacto Fiscal: \u201cEsperamos que sea aprobado por todos\u00bb"},"content":{"rendered":"\n<p>Distintos gremios representativos del mundo de la peque\u00f1a y mediana empresa, emitieron una declaraci\u00f3n conjunta entregando su visi\u00f3n respecto a la &nbsp;denominada Ley de Cumplimiento Tributario, manifestando su inter\u00e9s por que esta sea aprobada ampliamente \u201cpor todos los sectores pol\u00edticos y sociales\u201d.<\/p>\n\n\n\n<p>Tras reconocer una serie de reuniones con el Ministerio de Hacienda, organizaciones representativas de las pymes valoran de la iniciativa puntos como las Normas Antielusivas, el t\u00e9rmino de giro simplificado para Mipymes y el levantamiento del Secreto Bancario, pero poniendo \u00e9nfasis en que son disposiciones que regulan situaciones que para las&nbsp; micro y medianas empresas &nbsp;\u201cno son en general parte de sus problemas\u201d.<\/p>\n\n\n\n<p>Firmantes como Roberto Fantuzzi (Asexma), Humberto Solar (Conupia), Juan Araya ( Conapyme), entre otros , resaltaron adem\u00e1s la importancia crear reg\u00edmenes tributarios especiales para las Mipymes, pymes y peque\u00f1os contribuyentes, pero que \u201cno &nbsp;sean utilizados por otros grupos de inter\u00e9s\u201d, enfatizaron.<\/p>\n\n\n\n<p>Finalmente los personeros pyme instaron a que \u201cno se intente proteger los intereses de las grandes empresas utilizando a las Mipymes como excusas o endos\u00e1ndole problemas que no les afectan\u201d, abri\u00e9ndose a la idea de discutir mejora que puedan elevar lo que denominaron \u201cjusticia tributaria\u201d en el marco del Pacto Fiscal.<\/p>\n","protected":false},"excerpt":{"rendered":"<p>En un documento de cerca de tres p\u00e1ginas, los dirigentes valoran  la equidad tributaria, el levantamiento del secreto bancario, adem\u00e1s  del combate a la elusi\u00f3n y evasi\u00f3n, pero advierten \u201cque no se intente proteger los intereses de las grandes empresas utilizando a las Mipymes\u201d.<\/p>\n","protected":false},"author":1,"featured_media":20549,"comment_status":"closed","ping_status":"closed","sticky":false,"template":"","format":"standard","meta":{"footnotes":""},"categories":[3,12,2406],"tags":[2118,2954,337,273,2075,247,133],"class_list":["post-20548","post","type-post","status-publish","format-standard","has-post-thumbnail","hentry","category-al-dia","category-economia","category-empresas","tag-semanariolocal","tag-acuerdo-fiscal","tag-informacion","tag-noticias","tag-pacto-fiscal","tag-region-de-los-lagos","tag-semanario-local"],"_links":{"self":[{"href":"https:\/\/www.semanariolocal.cl\/index.php?rest_route=\/wp\/v2\/posts\/20548","targetHints":{"allow":["GET"]}}],"collection":[{"href":"https:\/\/www.semanariolocal.cl\/index.php?rest_route=\/wp\/v2\/posts"}],"about":[{"href":"https:\/\/www.semanariolocal.cl\/index.php?rest_route=\/wp\/v2\/types\/post"}],"author":[{"embeddable":true,"href":"https:\/\/www.semanariolocal.cl\/index.php?rest_route=\/wp\/v2\/users\/1"}],"replies":[{"embeddable":true,"href":"https:\/\/www.semanariolocal.cl\/index.php?rest_route=%2Fwp%2Fv2%2Fcomments&post=20548"}],"version-history":[{"count":1,"href":"https:\/\/www.semanariolocal.cl\/index.php?rest_route=\/wp\/v2\/posts\/20548\/revisions"}],"predecessor-version":[{"id":20550,"href":"https:\/\/www.semanariolocal.cl\/index.php?rest_route=\/wp\/v2\/posts\/20548\/revisions\/20550"}],"wp:featuredmedia":[{"embeddable":true,"href":"https:\/\/www.semanariolocal.cl\/index.php?rest_route=\/wp\/v2\/media\/20549"}],"wp:attachment":[{"href":"https:\/\/www.semanariolocal.cl\/index.php?rest_route=%2Fwp%2Fv2%2Fmedia&parent=20548"}],"wp:term":[{"taxonomy":"category","embeddable":true,"href":"https:\/\/www.semanariolocal.cl\/index.php?rest_route=%2Fwp%2Fv2%2Fcategories&post=20548"},{"taxonomy":"post_tag","embeddable":true,"href":"https:\/\/www.semanariolocal.cl\/index.php?rest_route=%2Fwp%2Fv2%2Ftags&post=20548"}],"curies":[{"name":"wp","href":"https:\/\/api.w.org\/{rel}","templated":true}]}}