{"id":20545,"date":"2024-04-10T19:21:15","date_gmt":"2024-04-10T23:21:15","guid":{"rendered":"https:\/\/www.semanariolocal.cl\/?p=20545"},"modified":"2024-04-10T19:21:16","modified_gmt":"2024-04-10T23:21:16","slug":"gabriel-no-sueltes-mi-mano","status":"publish","type":"post","link":"https:\/\/www.semanariolocal.cl\/?p=20545","title":{"rendered":"Gabriel, no sueltes mi mano"},"content":{"rendered":"\n<p>En&nbsp;<strong><em>Gabriel, no sueltes mi mano<\/em><\/strong>, Solange Macchiavello nos sumerge en la vida de Laura, una periodista que, a sus 44 a\u00f1os, ha construido una muralla alrededor de su coraz\u00f3n debido a traumas y malas experiencias que la han convertido en una persona individualista, ego\u00edsta, fr\u00eda e indiferente, alejada de su vida personal y familiar. La dedicaci\u00f3n a su carrera la ha privado de disfrutar lo simple y esencial de la vida.<\/p>\n\n\n\n<p>Sin embargo, un encuentro extraordinario con los monjes brasile\u00f1os cambiar\u00e1 su perspectiva de manera radical. Esta experiencia impensada, \u00fanica y m\u00e1gica transformar\u00e1 su vida para siempre y la llevar\u00e1 a redescubrir el valor de la empat\u00eda, la conexi\u00f3n humana y la importancia de abrir su coraz\u00f3n. A trav\u00e9s de esta historia, Macchiavello nos invita a reflexionar sobre la importancia de valorar los momentos simples y significativos que dan sentido a nuestra existencia.<\/p>\n\n\n\n<p>\u201cCuando hay experiencias de vida que nos transforman y esa transformaci\u00f3n puede hacer eco en otros, es imperioso compartirlas. Pero, \u00bfc\u00f3mo se hace para atravesar el umbral del dolor y del amor propio y despojarse de esos temores y prejuicios para mostrar el lado m\u00e1s vulnerable y a la vez m\u00e1s fuerte, sin caer en la fragilidad propia de los acontecimientos traum\u00e1ticos? Eso es&nbsp;<strong><em>Gabriel, no sueltes mi mano<\/em><\/strong>&nbsp;de Solange Macchiavello, un relato de una mujer valiente y arrojada que se enfrenta a uno de los escenarios m\u00e1s dif\u00edciles de asumir, y lo hace con entereza y determinaci\u00f3n. Una novela de nuestros tiempos, que no transforma el horror de un diagn\u00f3stico en oscuridad, sino en luz. Un relato pulcro para entender y comprender que uno nunca est\u00e1 solo y que la fe es una decisi\u00f3n si la queremos tomar\u201d, afirma la periodista de Cultura y Espect\u00e1culos de 24 horas (TVN),&nbsp;Carolina Guti\u00e9rrez.<\/p>\n\n\n\n<p>Solange Macchiavello Bahamondez es periodista, productora y relacionadora p\u00fablica.&nbsp;<strong><em>Gabriel, no sueltes mi mano<\/em><\/strong>&nbsp;marca su debut como escritora, con una novela inspiradora que llevar\u00e1 a cada lector a abrazar cada experiencia como una oportunidad de transformaci\u00f3n y redescubrimiento personal.<\/p>\n\n\n\n<p>El libro ya est\u00e1 disponible en formato impreso y tambi\u00e9n digital. Encu\u00e9ntralo en&nbsp;<a href=\"https:\/\/boletines.editorialforja.cl\/c\/9y0nye\/pgwvwgsm\/xxsvc3sg2p4\" target=\"_blank\" rel=\"noreferrer noopener\">editorialforja.cl<\/a>&nbsp;y en las principales librer\u00edas del pa\u00eds.<\/p>\n","protected":false},"excerpt":{"rendered":"<p>Editorial Forja presenta el nuevo libro Gabriel, no sueltes mi mano de Solange Macchiavello, una historia esperanzadora que invita a la reflexi\u00f3n y a encontrar la magia en lo cotidiano.<\/p>\n","protected":false},"author":1,"featured_media":20546,"comment_status":"closed","ping_status":"closed","sticky":false,"template":"","format":"standard","meta":{"footnotes":""},"categories":[3,10,2431],"tags":[2118,157,337,273,247,133,2953],"class_list":["post-20545","post","type-post","status-publish","format-standard","has-post-thumbnail","hentry","category-al-dia","category-cultura","category-literatura","tag-semanariolocal","tag-editorial-forjas","tag-informacion","tag-noticias","tag-region-de-los-lagos","tag-semanario-local","tag-solange-macchiavello"],"_links":{"self":[{"href":"https:\/\/www.semanariolocal.cl\/index.php?rest_route=\/wp\/v2\/posts\/20545","targetHints":{"allow":["GET"]}}],"collection":[{"href":"https:\/\/www.semanariolocal.cl\/index.php?rest_route=\/wp\/v2\/posts"}],"about":[{"href":"https:\/\/www.semanariolocal.cl\/index.php?rest_route=\/wp\/v2\/types\/post"}],"author":[{"embeddable":true,"href":"https:\/\/www.semanariolocal.cl\/index.php?rest_route=\/wp\/v2\/users\/1"}],"replies":[{"embeddable":true,"href":"https:\/\/www.semanariolocal.cl\/index.php?rest_route=%2Fwp%2Fv2%2Fcomments&post=20545"}],"version-history":[{"count":1,"href":"https:\/\/www.semanariolocal.cl\/index.php?rest_route=\/wp\/v2\/posts\/20545\/revisions"}],"predecessor-version":[{"id":20547,"href":"https:\/\/www.semanariolocal.cl\/index.php?rest_route=\/wp\/v2\/posts\/20545\/revisions\/20547"}],"wp:featuredmedia":[{"embeddable":true,"href":"https:\/\/www.semanariolocal.cl\/index.php?rest_route=\/wp\/v2\/media\/20546"}],"wp:attachment":[{"href":"https:\/\/www.semanariolocal.cl\/index.php?rest_route=%2Fwp%2Fv2%2Fmedia&parent=20545"}],"wp:term":[{"taxonomy":"category","embeddable":true,"href":"https:\/\/www.semanariolocal.cl\/index.php?rest_route=%2Fwp%2Fv2%2Fcategories&post=20545"},{"taxonomy":"post_tag","embeddable":true,"href":"https:\/\/www.semanariolocal.cl\/index.php?rest_route=%2Fwp%2Fv2%2Ftags&post=20545"}],"curies":[{"name":"wp","href":"https:\/\/api.w.org\/{rel}","templated":true}]}}