{"id":20433,"date":"2024-04-04T21:54:57","date_gmt":"2024-04-05T00:54:57","guid":{"rendered":"https:\/\/www.semanariolocal.cl\/?p=20433"},"modified":"2024-04-04T21:54:58","modified_gmt":"2024-04-05T00:54:58","slug":"dip-barria-alerta-sobre-similitudes-entre-crisis-de-huachipato-y-situacion-agricola-en-la-region","status":"publish","type":"post","link":"https:\/\/www.semanariolocal.cl\/?p=20433","title":{"rendered":"Dip. Barr\u00eda alerta sobre similitudes entre crisis de Huachipato y situaci\u00f3n agr\u00edcola en la Regi\u00f3n"},"content":{"rendered":"\n<p>El diputado H\u00e9ctor Barr\u00eda ha expresado su preocupaci\u00f3n ante el anunciado cierre de la sider\u00fargica Huachipato, comparando la crisis con los desaf\u00edos que enfrenta la agricultura en la Regi\u00f3n de los Lagos debido a la competencia desleal.<\/p>\n\n\n\n<p><strong><em>\u00abEs una lamentable realidad el cierre de Huachipato debido a la competencia de acero m\u00e1s barato que viene de otros pa\u00edses. Hemos solicitado al gobierno que haga todo lo posible para evitar esto\u00bb<\/em><\/strong>, afirm\u00f3 el diputado Barr\u00eda, destacando el origen estatal de la empresa bajo la CORFO hace varios a\u00f1os atr\u00e1s.<\/p>\n\n\n\n<p>El parlamentario se\u00f1al\u00f3 que la competencia desleal y los precios subsidiados por el Estado han afectado durante mucho tiempo a la agricultura en la Regi\u00f3n de los Lagos.&nbsp;<strong><em>\u00abEs un tema en el cual hay que poner atenci\u00f3n, porque se destruye trabajo, se destruyen familias\u00bb,<\/em><\/strong>&nbsp;agreg\u00f3 Barr\u00eda.<\/p>\n\n\n\n<p>El llamado del diputado resuena con las preocupaciones planteadas por l\u00edderes religiosos y otros actores relevantes, como el Monse\u00f1or Chomali, quien ha instado a valorizar el trabajo y proteger los empleos en medio de estos desaf\u00edos econ\u00f3micos.<\/p>\n\n\n\n<p>La crisis de Huachipato pone de manifiesto la necesidad de pol\u00edticas gubernamentales que protejan la industria nacional y promuevan condiciones equitativas para los productores locales, tanto en el sector sider\u00fargico como en la agricultura.<\/p>\n\n\n\n<p>Barr\u00eda concluy\u00f3 llamando a la acci\u00f3n tanto al gobierno como a los parlamentarios para abordar esta problem\u00e1tica y salvaguardar los empleos y el sustento de las familias afectadas por estas crisis econ\u00f3micas.<\/p>\n","protected":false},"excerpt":{"rendered":"<p>La crisis de Huachipato pone de manifiesto la necesidad de pol\u00edticas gubernamentales que protejan la industria nacional y promuevan condiciones equitativas para los productores locales, tanto en el sector sider\u00fargico como en la agricultura.<\/p>\n","protected":false},"author":1,"featured_media":20434,"comment_status":"closed","ping_status":"closed","sticky":false,"template":"","format":"standard","meta":{"footnotes":""},"categories":[20,3,9,2603,6],"tags":[2118,1732,337,273,247,133],"class_list":["post-20433","post","type-post","status-publish","format-standard","has-post-thumbnail","hentry","category-agro","category-al-dia","category-gobierno","category-industria","category-politica","tag-semanariolocal","tag-diputado-hector-barria","tag-informacion","tag-noticias","tag-region-de-los-lagos","tag-semanario-local"],"_links":{"self":[{"href":"https:\/\/www.semanariolocal.cl\/index.php?rest_route=\/wp\/v2\/posts\/20433","targetHints":{"allow":["GET"]}}],"collection":[{"href":"https:\/\/www.semanariolocal.cl\/index.php?rest_route=\/wp\/v2\/posts"}],"about":[{"href":"https:\/\/www.semanariolocal.cl\/index.php?rest_route=\/wp\/v2\/types\/post"}],"author":[{"embeddable":true,"href":"https:\/\/www.semanariolocal.cl\/index.php?rest_route=\/wp\/v2\/users\/1"}],"replies":[{"embeddable":true,"href":"https:\/\/www.semanariolocal.cl\/index.php?rest_route=%2Fwp%2Fv2%2Fcomments&post=20433"}],"version-history":[{"count":1,"href":"https:\/\/www.semanariolocal.cl\/index.php?rest_route=\/wp\/v2\/posts\/20433\/revisions"}],"predecessor-version":[{"id":20435,"href":"https:\/\/www.semanariolocal.cl\/index.php?rest_route=\/wp\/v2\/posts\/20433\/revisions\/20435"}],"wp:featuredmedia":[{"embeddable":true,"href":"https:\/\/www.semanariolocal.cl\/index.php?rest_route=\/wp\/v2\/media\/20434"}],"wp:attachment":[{"href":"https:\/\/www.semanariolocal.cl\/index.php?rest_route=%2Fwp%2Fv2%2Fmedia&parent=20433"}],"wp:term":[{"taxonomy":"category","embeddable":true,"href":"https:\/\/www.semanariolocal.cl\/index.php?rest_route=%2Fwp%2Fv2%2Fcategories&post=20433"},{"taxonomy":"post_tag","embeddable":true,"href":"https:\/\/www.semanariolocal.cl\/index.php?rest_route=%2Fwp%2Fv2%2Ftags&post=20433"}],"curies":[{"name":"wp","href":"https:\/\/api.w.org\/{rel}","templated":true}]}}