{"id":20356,"date":"2024-04-02T08:15:00","date_gmt":"2024-04-02T11:15:00","guid":{"rendered":"https:\/\/www.semanariolocal.cl\/?p=20356"},"modified":"2024-04-02T18:35:14","modified_gmt":"2024-04-02T21:35:14","slug":"estrategias-para-padres-en-la-era-digital-que-hacer-si-mi-hijo-hace-bullying","status":"publish","type":"post","link":"https:\/\/www.semanariolocal.cl\/?p=20356","title":{"rendered":"Estrategias para padres en\u00a0la\u00a0Era Digital \u00bfQu\u00e9 hacer si mi hijo hace bullying?"},"content":{"rendered":"\n<p>En&nbsp;la&nbsp;era digital, el bullying ha adquirido nuevas formas y dimensiones, y&nbsp;los&nbsp;padres se encuentran ante el desaf\u00edo&nbsp;de&nbsp;comprender y abordar este fen\u00f3meno&nbsp;de&nbsp;manera efectiva. Seg\u00fan datos recopilados por diversas instituciones educativas y especialistas en psicolog\u00eda infantil, el bullying afecta a un alto porcentaje&nbsp;de&nbsp;ni\u00f1os en edad escolar, con cifras alarmantes que se\u00f1alan que cuatro&nbsp;de&nbsp;cada diez escolares en Chile que representa un 40% que sienten que son discriminados en el colegio y v\u00edctimas&nbsp;de&nbsp;este tipo&nbsp;de&nbsp;acoso. Ante esta realidad, surge&nbsp;la&nbsp;pregunta inevitable:&nbsp;\u00bfQu\u00e9 hacer si es mi hijo el que hace bullying?<\/p>\n\n\n\n<p>Es fundamental comenzar reconociendo que el bullying no es un problema aislado&nbsp;de&nbsp;las escuelas, sino que tambi\u00e9n puede manifestarse en el entorno digital.&nbsp;La&nbsp;tecnolog\u00eda ha ampliado las fronteras del acoso, permitiendo que este se produzca a trav\u00e9s&nbsp;de&nbsp;las redes sociales, mensajes&nbsp;de&nbsp;texto y otras plataformas en l\u00ednea. Esto significa que&nbsp;los&nbsp;padres deben prestar especial atenci\u00f3n a&nbsp;la&nbsp;actividad en l\u00ednea&nbsp;de&nbsp;sus hijos y establecer reglas claras sobre el uso responsable&nbsp;de&nbsp;la&nbsp;tecnolog\u00eda.<\/p>\n\n\n\n<p>La&nbsp;primera acci\u00f3n que recomeindo a&nbsp;los&nbsp;padres es educarse sobre el tema. Es crucial comprender qu\u00e9 es el bullying, c\u00f3mo se manifiesta y cu\u00e1les son sus implicaciones tanto para&nbsp;los&nbsp;agresores como para las v\u00edctimas.&nbsp; Es decir entender que el bullying se identifica por&nbsp;la&nbsp;intencionalidad en el actuar&nbsp;de&nbsp;los&nbsp;ni\u00f1os, las agresiones repetidas en el tiempo y el claro desequilibrio&nbsp;de&nbsp;poder entre el victimario y&nbsp;la&nbsp;v\u00edctima. Pero con una sutil distinci\u00f3n que el victimario que solemos identificar es tambi\u00e9n v\u00edctima, en muchos casos viene arrastrando problemas familiares, falta&nbsp;de&nbsp;auto estima y busca tambi\u00e9n ser visto, visibilizado y aceptado.<\/p>\n\n\n\n<p>En segundo lugar, es fundamental establecer una comunicaci\u00f3n abierta y honesta con&nbsp;los&nbsp;hijos.&nbsp;Los&nbsp;padres deben crear un ambiente en el que&nbsp;los&nbsp;ni\u00f1os se sientan seguros y c\u00f3modos compartiendo sus experiencias y preocupaciones, pues&nbsp;los&nbsp;ni\u00f1os que muestran comportamientos&nbsp;de&nbsp;bullying habitualmente tienen problemas en sus relaciones familiares y sienten que no reciben&nbsp;la&nbsp;atenci\u00f3n que merecen, lo que puede desencadenar sentimientos&nbsp;de&nbsp;frustraci\u00f3n y tristeza que se manifiestan a trav\u00e9s&nbsp;de&nbsp;la&nbsp;agresi\u00f3n hacia sus pares.<\/p>\n\n\n\n<p>Adem\u00e1s,&nbsp;los&nbsp;padres deben ense\u00f1ar a sus hijos habilidades sociales y emocionales que les permitan enfrentar situaciones&nbsp;de&nbsp;conflicto&nbsp;de&nbsp;manera constructiva. Esto incluye ense\u00f1arles a expresar sus emociones&nbsp;de&nbsp;forma adecuada, resolver problemas&nbsp;de&nbsp;manera pac\u00edfica y respetuosa, y desarrollar empat\u00eda hacia&nbsp;los&nbsp;dem\u00e1s. Es importante que&nbsp;los&nbsp;ni\u00f1os entiendan que el respeto y&nbsp;la&nbsp;tolerancia son valores fundamentales en cualquier tipo&nbsp;de&nbsp;interacci\u00f3n social, ya sea en el \u00e1mbito escolar o en l\u00ednea.<\/p>\n\n\n\n<p>En el caso&nbsp;de&nbsp;que un hijo est\u00e9 involucrado en comportamientos&nbsp;de&nbsp;bullying, es importante abordar&nbsp;la&nbsp;situaci\u00f3n&nbsp;de&nbsp;manera proactiva y emp\u00e1tica. Esto puede implicar buscar&nbsp;la&nbsp;ayuda&nbsp;de&nbsp;profesionales, como psic\u00f3logos o a trav\u00e9s el encargado&nbsp;de&nbsp;convivencia escolar, para trabajar en conjunto en&nbsp;la&nbsp;resoluci\u00f3n del problema y brindar el apoyo necesario tanto al hijo agresor como a&nbsp;la&nbsp;v\u00edctima.&nbsp;<\/p>\n\n\n\n<p>Es por esta raz\u00f3n que si un padre o madre no tienen&nbsp;la&nbsp;capacidad&nbsp;de&nbsp;modelar&nbsp;la&nbsp;conducta&nbsp;de&nbsp;sus hijos, lo mejor es recurrir a&nbsp;la&nbsp;terapia sicol\u00f3gica, ya que el problema no es solo del ni\u00f1o, sino que tambi\u00e9n est\u00e1 relacionado con las din\u00e1micas familiares y&nbsp;la&nbsp;forma en que se establecen&nbsp;los&nbsp;l\u00edmites y las normas en el hogar.<\/p>\n\n\n\n<p>En \u00faltima instancia, es fundamental que&nbsp;los&nbsp;padres act\u00faen como modelos a seguir para sus hijos. Esto implica fomentar valores como el respeto,&nbsp;la&nbsp;tolerancia y&nbsp;la&nbsp;inclusi\u00f3n en el hogar, y demostrar un comportamiento positivo y respetuoso en todas las interacciones sociales.&nbsp;<\/p>\n\n\n\n<p>Quiz\u00e1s suene repetido pero&nbsp;los&nbsp;padres deben preguntar constantemente sobre las habilidades morales y democr\u00e1ticas&nbsp;de&nbsp;sus hijos, y estar dispuestos a hacer una autocr\u00edtica constructiva sobre su propio rol como padres. No olvidemos que&nbsp;los&nbsp;padres son entes modeladores,&nbsp;los&nbsp;hijos nos ven y desde ah\u00ed aprenden,&nbsp;los&nbsp;discursos no son suficientes.&nbsp;<\/p>\n\n\n\n<p>Es por es que abordar el bullying no es tarea f\u00e1cil, pero con educaci\u00f3n, comunicaci\u00f3n y apoyo adecuados,&nbsp;los&nbsp;padres pueden desempe\u00f1ar un papel crucial en&nbsp;la&nbsp;prevenci\u00f3n y mitigaci\u00f3n&nbsp;de&nbsp;este problema en&nbsp;la&nbsp;vida&nbsp;de&nbsp;sus hijos. Es hora&nbsp;de&nbsp;tomar medidas concretas y trabajar juntos como comunidad para crear un entorno escolar y digital seguro y respetuoso para todos&nbsp;los&nbsp;ni\u00f1os.<\/p>\n\n\n\n<p><strong>Arnaldo Canales&nbsp;&#8211;&nbsp; Director Ejecutivo ONG Liderazgo Chile &#8211; <a href=\"http:\/\/www.flich.com\/\" target=\"_blank\" rel=\"noreferrer noopener\">www.flich.com<\/a><\/strong><\/p>\n","protected":false},"excerpt":{"rendered":"<p>La\u00a0tecnolog\u00eda ha ampliado las fronteras del acoso, permitiendo que este se produzca a trav\u00e9s\u00a0de\u00a0las redes sociales, mensajes\u00a0de\u00a0texto y otras plataformas en l\u00ednea. <\/p>\n","protected":false},"author":1,"featured_media":20357,"comment_status":"closed","ping_status":"closed","sticky":false,"template":"","format":"standard","meta":{"footnotes":""},"categories":[3,11,7],"tags":[2118,2897,337,273,2896,247,133],"class_list":["post-20356","post","type-post","status-publish","format-standard","has-post-thumbnail","hentry","category-al-dia","category-educacion","category-opinion","tag-semanariolocal","tag-arnaldo-canales","tag-informacion","tag-noticias","tag-ong-liderazgo-chile","tag-region-de-los-lagos","tag-semanario-local"],"_links":{"self":[{"href":"https:\/\/www.semanariolocal.cl\/index.php?rest_route=\/wp\/v2\/posts\/20356","targetHints":{"allow":["GET"]}}],"collection":[{"href":"https:\/\/www.semanariolocal.cl\/index.php?rest_route=\/wp\/v2\/posts"}],"about":[{"href":"https:\/\/www.semanariolocal.cl\/index.php?rest_route=\/wp\/v2\/types\/post"}],"author":[{"embeddable":true,"href":"https:\/\/www.semanariolocal.cl\/index.php?rest_route=\/wp\/v2\/users\/1"}],"replies":[{"embeddable":true,"href":"https:\/\/www.semanariolocal.cl\/index.php?rest_route=%2Fwp%2Fv2%2Fcomments&post=20356"}],"version-history":[{"count":1,"href":"https:\/\/www.semanariolocal.cl\/index.php?rest_route=\/wp\/v2\/posts\/20356\/revisions"}],"predecessor-version":[{"id":20358,"href":"https:\/\/www.semanariolocal.cl\/index.php?rest_route=\/wp\/v2\/posts\/20356\/revisions\/20358"}],"wp:featuredmedia":[{"embeddable":true,"href":"https:\/\/www.semanariolocal.cl\/index.php?rest_route=\/wp\/v2\/media\/20357"}],"wp:attachment":[{"href":"https:\/\/www.semanariolocal.cl\/index.php?rest_route=%2Fwp%2Fv2%2Fmedia&parent=20356"}],"wp:term":[{"taxonomy":"category","embeddable":true,"href":"https:\/\/www.semanariolocal.cl\/index.php?rest_route=%2Fwp%2Fv2%2Fcategories&post=20356"},{"taxonomy":"post_tag","embeddable":true,"href":"https:\/\/www.semanariolocal.cl\/index.php?rest_route=%2Fwp%2Fv2%2Ftags&post=20356"}],"curies":[{"name":"wp","href":"https:\/\/api.w.org\/{rel}","templated":true}]}}