{"id":20120,"date":"2024-03-20T07:30:00","date_gmt":"2024-03-20T10:30:00","guid":{"rendered":"https:\/\/www.semanariolocal.cl\/?p=20120"},"modified":"2024-03-20T21:39:49","modified_gmt":"2024-03-21T00:39:49","slug":"dia-mundial-del-agua-conoce-la-iniciativa-de-wrangler-para-el-cuidado-del-medio-ambiente","status":"publish","type":"post","link":"https:\/\/www.semanariolocal.cl\/?p=20120","title":{"rendered":"D\u00eda Mundial del Agua: conoce la iniciativa de Wrangler para el cuidado del medio ambiente"},"content":{"rendered":"\n<p>En el marco del D\u00eda Mundial del Agua, que se celebra cada 22 de marzo, Wrangler, reconocida por su emblem\u00e1tico denim, refuerza su compromiso con el planeta al presentar sus iniciativas para una producci\u00f3n m\u00e1s sostenible. Bajo su campa\u00f1a We Care, la marca se ha fijado altas expectativas en t\u00e9rminos ambientales, sociales y de calidad, con el objetivo de abordar la crisis del agua y otros desaf\u00edos medioambientales.<\/p>\n\n\n\n<p>Una de las principales acciones de la marca es la implementaci\u00f3n de la tecnolog\u00eda Indigood\u2122, dise\u00f1ada para un te\u00f1ido responsable del denim mediante un innovador m\u00e9todo de espuma que reduce el consumo de agua en un 99%. Vania C\u00e1ceres, Gerente de Marketing de Jeans Blue, destaca que \u201cesta tecnolog\u00eda ha permitido una notable reducci\u00f3n del gasto de energ\u00eda y los residuos en un 60% en comparaci\u00f3n con los m\u00e9todos de te\u00f1ido convencionales, marcando un hito en la industria y promoviendo un futuro m\u00e1s sostenible\u201d.<\/p>\n\n\n\n<p>Adem\u00e1s, se\u00f1ala que \u201ccomo empresa seguiremos trabajando en descubrir e implementar en la cadena de suministro, las formas m\u00e1s sostenibles para trabajar el denim, asegurando as\u00ed que los productos est\u00e9n fabricados con menos agua y energ\u00eda de lo normal\u201d.<\/p>\n\n\n\n<p>En l\u00ednea con sus objetivos a largo plazo, Wrangler se ha comprometido a reducir en un 50% su uso de agua para el a\u00f1o 2030 y a utilizar energ\u00eda 100% renovable en todas sus instalaciones para 2025, adem\u00e1s de optar por algod\u00f3n 100% sostenible. La marca tambi\u00e9n est\u00e1 explorando alternativas como el c\u00e1\u00f1amo, que requiere menos agua en su producci\u00f3n, como parte de su enfoque integral en la reducci\u00f3n del impacto ambiental.<\/p>\n\n\n\n<p>Con estas iniciativas, la marca contin\u00faa liderando el camino hacia un futuro m\u00e1s consciente y responsable en la industria del denim, apoyando a las comunidades y dejando un legado positivo para las generaciones venideras.<\/p>\n","protected":false},"excerpt":{"rendered":"<p>La marca l\u00edder en denim reitera su compromiso sustentable destacando sus esfuerzos por reducir el consumo de agua y promover pr\u00e1cticas sostenibles en su industria.<\/p>\n","protected":false},"author":1,"featured_media":20121,"comment_status":"closed","ping_status":"closed","sticky":false,"template":"","format":"standard","meta":{"footnotes":""},"categories":[3,2406,2496],"tags":[2118,337,273,247,133,2834],"class_list":["post-20120","post","type-post","status-publish","format-standard","has-post-thumbnail","hentry","category-al-dia","category-empresas","category-nacional","tag-semanariolocal","tag-informacion","tag-noticias","tag-region-de-los-lagos","tag-semanario-local","tag-wrangler"],"_links":{"self":[{"href":"https:\/\/www.semanariolocal.cl\/index.php?rest_route=\/wp\/v2\/posts\/20120","targetHints":{"allow":["GET"]}}],"collection":[{"href":"https:\/\/www.semanariolocal.cl\/index.php?rest_route=\/wp\/v2\/posts"}],"about":[{"href":"https:\/\/www.semanariolocal.cl\/index.php?rest_route=\/wp\/v2\/types\/post"}],"author":[{"embeddable":true,"href":"https:\/\/www.semanariolocal.cl\/index.php?rest_route=\/wp\/v2\/users\/1"}],"replies":[{"embeddable":true,"href":"https:\/\/www.semanariolocal.cl\/index.php?rest_route=%2Fwp%2Fv2%2Fcomments&post=20120"}],"version-history":[{"count":1,"href":"https:\/\/www.semanariolocal.cl\/index.php?rest_route=\/wp\/v2\/posts\/20120\/revisions"}],"predecessor-version":[{"id":20122,"href":"https:\/\/www.semanariolocal.cl\/index.php?rest_route=\/wp\/v2\/posts\/20120\/revisions\/20122"}],"wp:featuredmedia":[{"embeddable":true,"href":"https:\/\/www.semanariolocal.cl\/index.php?rest_route=\/wp\/v2\/media\/20121"}],"wp:attachment":[{"href":"https:\/\/www.semanariolocal.cl\/index.php?rest_route=%2Fwp%2Fv2%2Fmedia&parent=20120"}],"wp:term":[{"taxonomy":"category","embeddable":true,"href":"https:\/\/www.semanariolocal.cl\/index.php?rest_route=%2Fwp%2Fv2%2Fcategories&post=20120"},{"taxonomy":"post_tag","embeddable":true,"href":"https:\/\/www.semanariolocal.cl\/index.php?rest_route=%2Fwp%2Fv2%2Ftags&post=20120"}],"curies":[{"name":"wp","href":"https:\/\/api.w.org\/{rel}","templated":true}]}}