{"id":20106,"date":"2024-03-19T22:33:04","date_gmt":"2024-03-20T01:33:04","guid":{"rendered":"https:\/\/www.semanariolocal.cl\/?p=20106"},"modified":"2024-03-19T22:33:04","modified_gmt":"2024-03-20T01:33:04","slug":"realizan-primer-encuentro-de-gestores-del-sitio-de-patrimonio-mundial-iglesias-de-chiloe","status":"publish","type":"post","link":"https:\/\/www.semanariolocal.cl\/?p=20106","title":{"rendered":"Realizan primer encuentro de gestores del Sitio de Patrimonio Mundial Iglesias de Chilo\u00e9"},"content":{"rendered":"\n<p>La Subsecretaria del Patrimonio Cultural, Carolina P\u00e9rez Dattari, y la Directora del Servicio Nacional del Patrimonio Cultural, N\u00e9lida Pozo Kudo, fueron parte del primer encuentro entre los principales actores involucrados en la administraci\u00f3n y gesti\u00f3n de las iglesias del archipi\u00e9lago de Chilo\u00e9, declaradas Patrimonio Mundial por la Unesco en el a\u00f1o 2000, en el marco del Plan de Gesti\u00f3n Integrado del sitio.<\/p>\n\n\n\n<p>El encuentro que se realiz\u00f3 el s\u00e1bado 16 de marzo en la comuna de Castro tuvo como prop\u00f3sito presentar, reconocer e intercambiar experiencias entre los actores relevantes en la gesti\u00f3n del sitio, reuniendo a m\u00e1s de 65 asistentes, representantes de los seis municipios (Quemchi, Dalcahue, Quinchao, Castro, Chonchi y Puqueld\u00f3n) y de comunidades asociadas a 14 de las 16 Iglesias del Sitio Patrimonio Mundial, as\u00ed como autoridades como la seremi de las Culturas, las Artes y el Patrimonio, Cristina A\u00f1asco; el director regional (s) del Serpat, Felipe Le\u00f3n Gabrielli; la subdirectora de Fomento y Gesti\u00f3n Patrimonial del Serpat, Pricilla Barahona Albornoz, adem\u00e1s de funcionarios del Centro Nacional de Sitios Patrimonio Mundial y el Consejo de Monumentos Nacionales.<\/p>\n\n\n\n<p>Durante la actividad, las comunidades compartieron sus quehaceres, desaf\u00edos y modos de actuaci\u00f3n, adem\u00e1s de dar a conocer sus saberes y realidades a las dem\u00e1s organizaciones.<\/p>\n\n\n\n<p>\u201cAgradecemos esta instancia en la que pudimos compartir con quienes trabajan d\u00eda a d\u00eda por la protecci\u00f3n y puesta en valor de este Sitio de Patrimonio Mundial desde el territorio. Durante esta jornada escuchamos a las comunidades, cuya voz es fundamental en nuestro compromiso como Estado de fortalecer la gobernanza y administraci\u00f3n de los siete sitios reconocidos por Unesco en nuestro pa\u00eds\u201d, se\u00f1al\u00f3 la subsecretaria del Patrimonio Cultural, Carolina P\u00e9rez Dattari.<\/p>\n\n\n\n<p>Adem\u00e1s, durante la actividad se formaliz\u00f3 el compromiso de participaci\u00f3n en las mesas de trabajo comunales del Plan de Gesti\u00f3n Integrado del Sitio para el a\u00f1o 2024, el cual fue suscrito por representantes de las comunidades, municipios, la Fundaci\u00f3n de Iglesias Patrimoniales, y las instituciones patrimoniales en Chilo\u00e9, a trav\u00e9s del Centro Nacional de Sitios Patrimonio Mundial de la Subdirecci\u00f3n de Fomento y Gesti\u00f3n Patrimonial, y de la Oficina T\u00e9cnica Provincial del Consejo de Monumentos Nacionales, ambos pertenecientes al Servicio Nacional del Patrimonio Cultural.<\/p>\n\n\n\n<p>\u201cLas Iglesias de Chilo\u00e9 destacan como un patrimonio vivo, y cumplen un rol central en cada comunidad. Somos conscientes del inmenso desaf\u00edo de conservarlas, lo que s\u00f3lo se puede lograr a trav\u00e9s del trabajo colaborativo entre las comunidades, la Fundaci\u00f3n Iglesias Patrimoniales, el Estado y privados, rescatando as\u00ed la esencia de Chilo\u00e9 y el trabajo en minga, preservando para las generaciones actuales y futuras este invaluable Patrimonio Mundial. Agradecemos sobre todo la labor permanente de las comunidades para conservarlas, y desde el Servicio Nacional del Patrimonio Cultural continuaremos apoyando su labor.\u201d, se\u00f1al\u00f3 la directora del Servicio Nacional del Patrimonio Cultural, N\u00e9lida Pozo Kudo.<\/p>\n\n\n\n<p>Las comunidades representadas fueron Colo, Tena\u00fan, San Juan, Achao, Quinchao, Caguach, Ril\u00e1n, Castro, Nerc\u00f3n, Chel\u00edn, Chonchi, Ichuac, Aldachildo y Detif.<\/p>\n\n\n\n<figure class=\"wp-block-image size-large\"><img loading=\"lazy\" decoding=\"async\" width=\"900\" height=\"600\" src=\"https:\/\/www.semanariolocal.cl\/wp-content\/uploads\/2024\/03\/chilo1-900x600.jpg\" alt=\"\" class=\"wp-image-20108\" srcset=\"https:\/\/www.semanariolocal.cl\/wp-content\/uploads\/2024\/03\/chilo1-900x600.jpg 900w, https:\/\/www.semanariolocal.cl\/wp-content\/uploads\/2024\/03\/chilo1-300x200.jpg 300w, https:\/\/www.semanariolocal.cl\/wp-content\/uploads\/2024\/03\/chilo1-768x512.jpg 768w, https:\/\/www.semanariolocal.cl\/wp-content\/uploads\/2024\/03\/chilo1-1536x1024.jpg 1536w, https:\/\/www.semanariolocal.cl\/wp-content\/uploads\/2024\/03\/chilo1-1200x800.jpg 1200w, https:\/\/www.semanariolocal.cl\/wp-content\/uploads\/2024\/03\/chilo1-600x400.jpg 600w, https:\/\/www.semanariolocal.cl\/wp-content\/uploads\/2024\/03\/chilo1.jpg 1920w\" sizes=\"auto, (max-width: 900px) 100vw, 900px\" \/><\/figure>\n","protected":false},"excerpt":{"rendered":"<p>La actividad, que se realiz\u00f3 en la comuna de Castro, cont\u00f3 con la asistencia de las comunidades de 14 templos que forman parte de la declaratoria de Unesco, la Fundaci\u00f3n de Iglesias Patrimoniales y autoridades regionales y nacionales.<\/p>\n","protected":false},"author":1,"featured_media":20107,"comment_status":"closed","ping_status":"closed","sticky":false,"template":"","format":"standard","meta":{"footnotes":""},"categories":[3,2691,8,10,2483],"tags":[2118,337,273,247,133],"class_list":["post-20106","post","type-post","status-publish","format-standard","has-post-thumbnail","hentry","category-al-dia","category-arte","category-comunas","category-cultura","category-region","tag-semanariolocal","tag-informacion","tag-noticias","tag-region-de-los-lagos","tag-semanario-local"],"_links":{"self":[{"href":"https:\/\/www.semanariolocal.cl\/index.php?rest_route=\/wp\/v2\/posts\/20106","targetHints":{"allow":["GET"]}}],"collection":[{"href":"https:\/\/www.semanariolocal.cl\/index.php?rest_route=\/wp\/v2\/posts"}],"about":[{"href":"https:\/\/www.semanariolocal.cl\/index.php?rest_route=\/wp\/v2\/types\/post"}],"author":[{"embeddable":true,"href":"https:\/\/www.semanariolocal.cl\/index.php?rest_route=\/wp\/v2\/users\/1"}],"replies":[{"embeddable":true,"href":"https:\/\/www.semanariolocal.cl\/index.php?rest_route=%2Fwp%2Fv2%2Fcomments&post=20106"}],"version-history":[{"count":1,"href":"https:\/\/www.semanariolocal.cl\/index.php?rest_route=\/wp\/v2\/posts\/20106\/revisions"}],"predecessor-version":[{"id":20109,"href":"https:\/\/www.semanariolocal.cl\/index.php?rest_route=\/wp\/v2\/posts\/20106\/revisions\/20109"}],"wp:featuredmedia":[{"embeddable":true,"href":"https:\/\/www.semanariolocal.cl\/index.php?rest_route=\/wp\/v2\/media\/20107"}],"wp:attachment":[{"href":"https:\/\/www.semanariolocal.cl\/index.php?rest_route=%2Fwp%2Fv2%2Fmedia&parent=20106"}],"wp:term":[{"taxonomy":"category","embeddable":true,"href":"https:\/\/www.semanariolocal.cl\/index.php?rest_route=%2Fwp%2Fv2%2Fcategories&post=20106"},{"taxonomy":"post_tag","embeddable":true,"href":"https:\/\/www.semanariolocal.cl\/index.php?rest_route=%2Fwp%2Fv2%2Ftags&post=20106"}],"curies":[{"name":"wp","href":"https:\/\/api.w.org\/{rel}","templated":true}]}}