{"id":20093,"date":"2024-03-19T22:03:00","date_gmt":"2024-03-20T01:03:00","guid":{"rendered":"https:\/\/www.semanariolocal.cl\/?p=20093"},"modified":"2024-03-19T22:03:01","modified_gmt":"2024-03-20T01:03:01","slug":"dan-a-conocer-plan-de-accion-para-la-ganaderia-en-su-desafio-hacia-la-carbono-neutralidad","status":"publish","type":"post","link":"https:\/\/www.semanariolocal.cl\/?p=20093","title":{"rendered":"Dan a conocer plan de acci\u00f3n para la ganader\u00eda en su desaf\u00edo hacia la carbono neutralidad"},"content":{"rendered":"\n<p>En un seminario realizado en las instalaciones de INIA Remehue en Osorno, profesionales del Instituto de Investigaciones Agropecuarias (INIA) y de la Oficina de Estudios y Pol\u00edticas Agrarias (ODEPA), del Ministerio de Agricultura, dieron a conocer un plan de acci\u00f3n para la ganader\u00eda bovina, en su desaf\u00edo hacia la carbono neutralidad.<\/p>\n\n\n\n<p>En la oportunidad, Daniela Acu\u00f1a, subdirectora nacional de ODEPA, se refiri\u00f3 a las iniciativas y compromisos nacionales en mitigaci\u00f3n y adaptaci\u00f3n al cambio clim\u00e1tico; Ignacio Beltr\u00e1n, investigador de INIA, expuso sobre las estrategias de mitigaci\u00f3n en sistemas de producci\u00f3n bovina y finalmente, Francisco Salazar, investigador de INIA y principal responsable del estudio, detall\u00f3 el plan de acci\u00f3n para la sustentabilidad de la ganader\u00eda bovina, hacia la carbono neutralidad.<\/p>\n\n\n\n<p>Al t\u00e9rmino del seminario Daniela Acu\u00f1a expres\u00f3 que \u201c\u00e9sta es una iniciativa muy importante en el contexto del trabajo que se est\u00e1 haciendo en el Ministerio de Agricultura, en t\u00e9rminos de cambio clim\u00e1tico, dado que estamos avanzando en el plan de adaptaci\u00f3n y de mitigaci\u00f3n sectorial y esta iniciativa va a contribuir de muy buena forma a este objetivo\u201d. &nbsp;<\/p>\n\n\n\n<p>Ignacio Delfino, jefe de la Unidad de Desarrollo Territorial de FIA, sostuvo que \u201cen la instancia de hoy, se reunieron ODEPA, INIA, FIA, INDAP y las asociaciones productivas para el cierre de esta iniciativa que parti\u00f3 el a\u00f1o 2021, y que contribuir\u00e1 a transitar hacia &nbsp;la carbono neutralidad del sector ganadero bovino. Este estudio permiti\u00f3 la articulaci\u00f3n de los actores de este sector en base a una hoja de ruta que planifica las acciones de cada una de las instituciones y empresas ante mencionadas para poder transitar hacia esta carbono neutralidad de aqu\u00ed al 2050, meta fijada tambi\u00e9n al nivel nacional por nuestra Ley Marco de Cambio Clim\u00e1tico\u201d.<\/p>\n\n\n\n<p>Por su parte, Francisco Salazar, dio a conocer su impresi\u00f3n de la actividad, se\u00f1alando que \u201ccomo INIA estamos muy contentos de estar en esta jornada, terminando un proyecto en el cual con nuestras capacidades t\u00e9cnicas, como parte del inventario nacional de gases de efecto invernadero, hemos podido generar y priorizar las medidas y las acciones a implementar en un plan para reducir y mitigar las emisiones de gases con efecto invernadero\u201d.<\/p>\n\n\n\n<p>El profesional del INIA resalt\u00f3 que todo este trabajo se enmarca en un estudio ejecutado por el INIA, e impulsado y apoyado por FIA en el marco del Comit\u00e9 de Sustentabilidad de la Ganader\u00eda Bovina coordinado por ODEPA.<\/p>\n\n\n\n<p>Finalmente, Antonio Kusanovic, productor ganadero y presidente de la Asociaci\u00f3n Chilena de Agricultura Regenerativa (Achiganar), destac\u00f3 la importancia y responsabilidad del sector ganadero de hacer las cosas bien y mitigar los gases de efecto invernadero. \u201cTodos estos estudios que realiza el INIA van muy enfocados en esa base, tratar de buscar nuevamente la asociaci\u00f3n con el suelo y la alimentaci\u00f3n humana, creo que es lo que necesitamos generar de manera m\u00e1s hol\u00edstica en desarrollo de esta investigaci\u00f3n, pero es fant\u00e1stico lo que se ha descubierto y lo que llevamos\u201d. &nbsp;<\/p>\n","protected":false},"excerpt":{"rendered":"<p>Como resultado de un estudio ejecutado por el INIA e impulsado y apoyado por FIA, en el marco del Comit\u00e9 de Sustentabilidad de la Ganader\u00eda Bovina coordinado por ODEPA.<\/p>\n","protected":false},"author":1,"featured_media":20094,"comment_status":"closed","ping_status":"closed","sticky":false,"template":"","format":"standard","meta":{"footnotes":""},"categories":[20,3,2541],"tags":[2118,337,273,132,247,133],"class_list":["post-20093","post","type-post","status-publish","format-standard","has-post-thumbnail","hentry","category-agro","category-al-dia","category-investigacion","tag-semanariolocal","tag-informacion","tag-noticias","tag-osorno","tag-region-de-los-lagos","tag-semanario-local"],"_links":{"self":[{"href":"https:\/\/www.semanariolocal.cl\/index.php?rest_route=\/wp\/v2\/posts\/20093","targetHints":{"allow":["GET"]}}],"collection":[{"href":"https:\/\/www.semanariolocal.cl\/index.php?rest_route=\/wp\/v2\/posts"}],"about":[{"href":"https:\/\/www.semanariolocal.cl\/index.php?rest_route=\/wp\/v2\/types\/post"}],"author":[{"embeddable":true,"href":"https:\/\/www.semanariolocal.cl\/index.php?rest_route=\/wp\/v2\/users\/1"}],"replies":[{"embeddable":true,"href":"https:\/\/www.semanariolocal.cl\/index.php?rest_route=%2Fwp%2Fv2%2Fcomments&post=20093"}],"version-history":[{"count":1,"href":"https:\/\/www.semanariolocal.cl\/index.php?rest_route=\/wp\/v2\/posts\/20093\/revisions"}],"predecessor-version":[{"id":20095,"href":"https:\/\/www.semanariolocal.cl\/index.php?rest_route=\/wp\/v2\/posts\/20093\/revisions\/20095"}],"wp:featuredmedia":[{"embeddable":true,"href":"https:\/\/www.semanariolocal.cl\/index.php?rest_route=\/wp\/v2\/media\/20094"}],"wp:attachment":[{"href":"https:\/\/www.semanariolocal.cl\/index.php?rest_route=%2Fwp%2Fv2%2Fmedia&parent=20093"}],"wp:term":[{"taxonomy":"category","embeddable":true,"href":"https:\/\/www.semanariolocal.cl\/index.php?rest_route=%2Fwp%2Fv2%2Fcategories&post=20093"},{"taxonomy":"post_tag","embeddable":true,"href":"https:\/\/www.semanariolocal.cl\/index.php?rest_route=%2Fwp%2Fv2%2Ftags&post=20093"}],"curies":[{"name":"wp","href":"https:\/\/api.w.org\/{rel}","templated":true}]}}