{"id":20051,"date":"2024-03-16T09:15:00","date_gmt":"2024-03-16T12:15:00","guid":{"rendered":"https:\/\/www.semanariolocal.cl\/?p=20051"},"modified":"2024-03-18T17:11:08","modified_gmt":"2024-03-18T20:11:08","slug":"transformando-la-gestion-equidad-en-marcha","status":"publish","type":"post","link":"https:\/\/www.semanariolocal.cl\/?p=20051","title":{"rendered":"Transformando la Gesti\u00f3n: Equidad en marcha"},"content":{"rendered":"\n<p>\u00bfSab\u00edas que si seguimos al ritmo actual, seg\u00fan la Organizaci\u00f3n de Naciones Unidas (ONU) faltan m\u00e1s de 130 a\u00f1os para que alcancemos la igualdad de g\u00e9nero en las m\u00e1s altas esferas de decisi\u00f3n? Sin embargo, en su libro&nbsp;<strong><em>Mujeres, naturaleza y gesti\u00f3n organizacional: C\u00f3mo lograr la paridad antes de lo proyectado por la ONU,<\/em><\/strong>&nbsp;la doctora en gesti\u00f3n de personas, Tania Zumaeta, asegura que esto podr\u00eda lograrse mucho antes.<\/p>\n\n\n\n<p>El libro, que fue presentado este martes en el Estadio Espa\u00f1ol de Vi\u00f1a del Mar, est\u00e1 dirigido a estudiantes, acad\u00e9micos, directivos y a todos aquellos comprometidos con la igualdad de g\u00e9nero, a quienes ofrece una hoja de ruta que combina reflexi\u00f3n y acci\u00f3n para alcanzar un futuro m\u00e1s igualitario y consciente.<\/p>\n\n\n\n<p>En la ocasi\u00f3n, la presidenta del Comit\u00e9 de Igualdad de G\u00e9nero y Directora de Escuela de la Facultad de Ingenier\u00eda de la Universidad Andr\u00e9s Bello sede Concepci\u00f3n, Lilian San Mart\u00edn, destac\u00f3 el valor de esta obra principalmente para quienes est\u00e1n en la gesti\u00f3n y para las futuras organizaciones. \u201cEs muy relevante ya que se convierte en un recursos invaluable para inspirar y guiar a las futuras l\u00edderes y gestoras. Este libro ser\u00e1 una hoja de ruta sobre c\u00f3mo navegar y transformar el entorno empresarial con una perspectiva de g\u00e9nero consciente\u201d, asegur\u00f3.<\/p>\n\n\n\n<p>En el pr\u00f3logo, la ingeniera y Premio Mujer Referente WEF Chile, Tatiana Campos, plantea que&nbsp;<strong><em>Mujeres, naturaleza y gesti\u00f3n organizacional<\/em><\/strong>&nbsp;es una invitaci\u00f3n a la transformaci\u00f3n, tanto para organizaciones como para individuos. \u00abEs una exploraci\u00f3n profunda que va m\u00e1s all\u00e1 de lo convencional, integrando una perspectiva de g\u00e9nero en conceptos tradicionales de gesti\u00f3n\u00bb, se\u00f1ala.<\/p>\n\n\n\n<p>El libro aborda temas fundamentales para la equidad de g\u00e9nero, como la valoraci\u00f3n del aporte femenino en un mundo empresarial que a menudo subestima sus competencias. Tambi\u00e9n explora la conexi\u00f3n sist\u00e9mica, la naturaleza y la espiritualidad en la gesti\u00f3n organizacional, ofreciendo ejercicios pr\u00e1cticos y una nueva estructura institucional que integra lo espiritual y la naturaleza.<\/p>\n\n\n\n<p>En palabras de Tania Zumaeta: \u00abEl liderazgo femenino se revela aqu\u00ed como una red viva, un tejido sagrado que conecta generaciones y que, al integrarse en las estructuras organizacionales, crea una sinergia poderosa\u00bb.<\/p>\n\n\n\n<p><strong><em>Mujeres, naturaleza y gesti\u00f3n organizacional&nbsp;<\/em><\/strong>no solo ofrece estrategias y pr\u00e1cticas para avanzar en la transformaci\u00f3n cultural con enfoque de g\u00e9nero, sino que tambi\u00e9n invita a una reflexi\u00f3n profunda sobre el valor de la diversidad en las organizaciones. Desde la distribuci\u00f3n equitativa de las actividades hasta la construcci\u00f3n de indicadores de brecha de paridad por nivel, el libro proporciona herramientas pr\u00e1cticas y te\u00f3ricas para l\u00edderes y organizaciones comprometidas con la equidad de g\u00e9nero.<\/p>\n\n\n\n<p>El libro ya est\u00e1 disponible en formato impreso y tambi\u00e9n digital. Encu\u00e9ntralo en&nbsp;<a href=\"https:\/\/boletines.editorialforja.cl\/c\/og720\/59mojq7f\/zyvj3u2m1jc\" target=\"_blank\" rel=\"noreferrer noopener\">www.editorialforja.cl<\/a>&nbsp;y en las principales librer\u00edas del pa\u00eds.<\/p>\n","protected":false},"excerpt":{"rendered":"<p>En el marco del Mes de la Mujer, Editorial Forja presenta Mujeres, naturaleza y gesti\u00f3n organizacional: C\u00f3mo lograr la paridad antes de lo proyectado por la ONU, de Tania Zumaeta. Este libro propone una transformaci\u00f3n personal y organizacional profunda, abordando la pregunta crucial: \u00bfcu\u00e1les son las transformaciones necesarias en las empresas y en las personas para lograr la paridad de g\u00e9nero?<\/p>\n","protected":false},"author":1,"featured_media":20052,"comment_status":"closed","ping_status":"closed","sticky":false,"template":"","format":"standard","meta":{"footnotes":""},"categories":[3,10,2431],"tags":[2118,157,337,273,132,247,133],"class_list":["post-20051","post","type-post","status-publish","format-standard","has-post-thumbnail","hentry","category-al-dia","category-cultura","category-literatura","tag-semanariolocal","tag-editorial-forjas","tag-informacion","tag-noticias","tag-osorno","tag-region-de-los-lagos","tag-semanario-local"],"_links":{"self":[{"href":"https:\/\/www.semanariolocal.cl\/index.php?rest_route=\/wp\/v2\/posts\/20051","targetHints":{"allow":["GET"]}}],"collection":[{"href":"https:\/\/www.semanariolocal.cl\/index.php?rest_route=\/wp\/v2\/posts"}],"about":[{"href":"https:\/\/www.semanariolocal.cl\/index.php?rest_route=\/wp\/v2\/types\/post"}],"author":[{"embeddable":true,"href":"https:\/\/www.semanariolocal.cl\/index.php?rest_route=\/wp\/v2\/users\/1"}],"replies":[{"embeddable":true,"href":"https:\/\/www.semanariolocal.cl\/index.php?rest_route=%2Fwp%2Fv2%2Fcomments&post=20051"}],"version-history":[{"count":1,"href":"https:\/\/www.semanariolocal.cl\/index.php?rest_route=\/wp\/v2\/posts\/20051\/revisions"}],"predecessor-version":[{"id":20053,"href":"https:\/\/www.semanariolocal.cl\/index.php?rest_route=\/wp\/v2\/posts\/20051\/revisions\/20053"}],"wp:featuredmedia":[{"embeddable":true,"href":"https:\/\/www.semanariolocal.cl\/index.php?rest_route=\/wp\/v2\/media\/20052"}],"wp:attachment":[{"href":"https:\/\/www.semanariolocal.cl\/index.php?rest_route=%2Fwp%2Fv2%2Fmedia&parent=20051"}],"wp:term":[{"taxonomy":"category","embeddable":true,"href":"https:\/\/www.semanariolocal.cl\/index.php?rest_route=%2Fwp%2Fv2%2Fcategories&post=20051"},{"taxonomy":"post_tag","embeddable":true,"href":"https:\/\/www.semanariolocal.cl\/index.php?rest_route=%2Fwp%2Fv2%2Ftags&post=20051"}],"curies":[{"name":"wp","href":"https:\/\/api.w.org\/{rel}","templated":true}]}}