{"id":20045,"date":"2024-03-16T08:00:00","date_gmt":"2024-03-16T11:00:00","guid":{"rendered":"https:\/\/www.semanariolocal.cl\/?p=20045"},"modified":"2024-03-18T17:02:38","modified_gmt":"2024-03-18T20:02:38","slug":"diputado-ramirez-al-gobierno-se-le-acaba-el-tiempo-en-materia-de-reactivacion-economica","status":"publish","type":"post","link":"https:\/\/www.semanariolocal.cl\/?p=20045","title":{"rendered":"Diputado Ram\u00edrez: al Gobierno se le acaba el tiempo en materia de reactivaci\u00f3n econ\u00f3mica"},"content":{"rendered":"\n<p>Tras cumplirse un a\u00f1o desde el rechazo a la idea de legislar de la reforma tributaria en la C\u00e1mara de Diputados, el proyecto de ley vuelve a ser materia de estudio.<\/p>\n\n\n\n<p>Al respecto, el diputado de la UDI e integrante de la comisi\u00f3n de Hacienda, Guillermo Ram\u00edrez, asegur\u00f3 que \u201cal Gobierno se le acaba el tiempo en materia de reactivaci\u00f3n econ\u00f3mica\u201d.<\/p>\n\n\n\n<p>Cabe se\u00f1alar que el trabajo prelegislativo de la reforma tributaria tiene fijada su \u00faltima sesi\u00f3n para este jueves, y en esa l\u00ednea, Ram\u00edrez asegur\u00f3 que &nbsp;\u201cal Gobierno se le acaba el tiempo para poder mostrar alg\u00fan grado de reactivaci\u00f3n econ\u00f3mica; y les hacemos un llamado a no conspirar contra ese prop\u00f3sito presentando nuevas alzas de impuestos\u201d, subray\u00f3.<\/p>\n\n\n\n<p>Al contrario, argument\u00f3 el diputado UDI \u201cveamos donde podemos bajarlos de tal manera que genere un gran impacto en la econom\u00eda y un peque\u00f1o impacto en la recaudaci\u00f3n\u201d.<\/p>\n\n\n\n<p>\u201cComo oposici\u00f3n\u00bb,&nbsp; sostuvo Ram\u00edrez \u201cnosotros estamos dispuestos a cooperar con el Gobierno, siempre y cuando nos escuchen, se abran a acuerdos, de lo contrario dif\u00edcilmente podremos contar con una apertura econ\u00f3mica\u201d.<\/p>\n\n\n\n<p>Por ello, reiter\u00f3 el diputado de la comisi\u00f3n de Hacienda que \u00abel gremialismo pondr\u00e1 el acento en los recortes de impuestos y desechar\u00e1 las alzas, de tal manera que genere un gran impacto en la econom\u00eda y un peque\u00f1o impacto en la recaudaci\u00f3n. Solo en eso veo posibilidad de acuerdo\u201d.<\/p>\n","protected":false},"excerpt":{"rendered":"<p>El parlamentario gremialista hizo un llamado al Ejecutivo a no conspirar contra ese prop\u00f3sito presentando nuevas alzas de impuestos.<\/p>\n","protected":false},"author":1,"featured_media":20046,"comment_status":"closed","ping_status":"closed","sticky":false,"template":"","format":"standard","meta":{"footnotes":""},"categories":[3,12,2496,6],"tags":[2118,337,273,247,133],"class_list":["post-20045","post","type-post","status-publish","format-standard","has-post-thumbnail","hentry","category-al-dia","category-economia","category-nacional","category-politica","tag-semanariolocal","tag-informacion","tag-noticias","tag-region-de-los-lagos","tag-semanario-local"],"_links":{"self":[{"href":"https:\/\/www.semanariolocal.cl\/index.php?rest_route=\/wp\/v2\/posts\/20045","targetHints":{"allow":["GET"]}}],"collection":[{"href":"https:\/\/www.semanariolocal.cl\/index.php?rest_route=\/wp\/v2\/posts"}],"about":[{"href":"https:\/\/www.semanariolocal.cl\/index.php?rest_route=\/wp\/v2\/types\/post"}],"author":[{"embeddable":true,"href":"https:\/\/www.semanariolocal.cl\/index.php?rest_route=\/wp\/v2\/users\/1"}],"replies":[{"embeddable":true,"href":"https:\/\/www.semanariolocal.cl\/index.php?rest_route=%2Fwp%2Fv2%2Fcomments&post=20045"}],"version-history":[{"count":1,"href":"https:\/\/www.semanariolocal.cl\/index.php?rest_route=\/wp\/v2\/posts\/20045\/revisions"}],"predecessor-version":[{"id":20047,"href":"https:\/\/www.semanariolocal.cl\/index.php?rest_route=\/wp\/v2\/posts\/20045\/revisions\/20047"}],"wp:featuredmedia":[{"embeddable":true,"href":"https:\/\/www.semanariolocal.cl\/index.php?rest_route=\/wp\/v2\/media\/20046"}],"wp:attachment":[{"href":"https:\/\/www.semanariolocal.cl\/index.php?rest_route=%2Fwp%2Fv2%2Fmedia&parent=20045"}],"wp:term":[{"taxonomy":"category","embeddable":true,"href":"https:\/\/www.semanariolocal.cl\/index.php?rest_route=%2Fwp%2Fv2%2Fcategories&post=20045"},{"taxonomy":"post_tag","embeddable":true,"href":"https:\/\/www.semanariolocal.cl\/index.php?rest_route=%2Fwp%2Fv2%2Ftags&post=20045"}],"curies":[{"name":"wp","href":"https:\/\/api.w.org\/{rel}","templated":true}]}}