{"id":2004,"date":"2021-09-18T11:44:09","date_gmt":"2021-09-18T14:44:09","guid":{"rendered":"https:\/\/www.semanariolocal.cl\/?p=2004"},"modified":"2021-09-18T11:44:10","modified_gmt":"2021-09-18T14:44:10","slug":"el-tedeum-breve-mirada","status":"publish","type":"post","link":"https:\/\/www.semanariolocal.cl\/?p=2004","title":{"rendered":"El TEDEUM&#8230;Breve mirada"},"content":{"rendered":"\n<p style=\"font-size:17px\">El Te Deum es un c\u00e1ntico de Acci\u00f3n de Gracias a Dios que se realiza en los momentos m\u00e1s importantes de la vida de la Iglesia o de una Naci\u00f3n. La celebraci\u00f3n del Te Deum tiene sus or\u00edgenes en el Siglo IV (4\u00b0) y es un canto de gratitud, de profesi\u00f3n de fe.<\/p>\n\n\n\n<p style=\"font-size:17px\">Las palabras Te Deum significan \u201cA ti, oh, Dios\u201d, y en nuestro pa\u00eds en esta ceremonia la Iglesia agradece y pide a Dios por la Patria, en presencia de las mas altas autoridades civiles y militares del Estado.<\/p>\n\n\n\n<p style=\"font-size:17px\">Esta ceremonia se celebra tradicionalmente desde 1811, a\u00f1o en que el General Jos\u00e9 Miguel Carrera, pidi\u00f3 a la autoridad eclesi\u00e1stica de la \u00e9poca que celebrara una Santa Misa de Acci\u00f3n de Gracias para conmemorar el primer aniversario de la Primera Junta Nacional de Gobierno, instalada el 18 de Septiembre de 1810.<\/p>\n\n\n\n<p style=\"font-size:17px\">En sus primeros a\u00f1os el himno del Te Deum&nbsp; formaba parte de la Santa Misa, cant\u00e1ndose al final de \u00e9sta. A partir de 1870, por iniciativa y solicitud del Ministro de Interior de la \u00e9poca Miguel Luis Amunategui, se empez\u00f3 a realizar la ceremonia del Te Deum pero excluyen la Santa Misa, realiz\u00e1ndose s\u00f3lo una homil\u00eda a cargo del Arzobispo de Santiago.<\/p>\n\n\n\n<p style=\"font-size:17px\">Al paso de los a\u00f1os y a partir de 1971, el Te Deum adquiere el car\u00e1cter de ecum\u00e9nico, ya que incluye a las otras confesiones religiosas reconocidas en Chile. Ese a\u00f1o el entonces Arzobispo de Santiago Cardenal Ra\u00fal Silva Henr\u00edquez invit\u00f3 a Obispos y Pastores de otras iglesias cristianas a participar con sus oraciones en esta ceremonia, accediendo as\u00ed a una solicitud del entonces Presidente de la Rep\u00fablica Salvador Allende, qui\u00e9n al asumir el cargo en Noviembre de 1970, pidi\u00f3 a la autoridad eclesi\u00e1stica de Santiago, que la ceremonia tuviese dicho car\u00e1cter de abierta a otras confesiones religiosas.<\/p>\n\n\n\n<p style=\"font-size:17px\">El Te Deum tradicionalmente fue presidido por el Arzobispo de Santiago, con la excepci\u00f3n de lo ocurrido el a\u00f1o 2018 en que el Cardenal Ezzati se encontraba en un proceso de formalizaci\u00f3n judicial, debido a los encubrimientos de abusos sexuales en la Iglesia, en donde m\u00e1s de 300 personas fueron afectadas entre los a\u00f1os 1970 y 2000, y en virtud de ello, la Curia chilena le solicit\u00f3 al Arzobispo que se abstuviera de presidir la ceremonia.<\/p>\n\n\n\n<p style=\"font-size:17px\">En 2020, debido a la extensi\u00f3n de la Pandemia del Covid-19, la Acci\u00f3n de Gracias por la Patria fue celebrada en el Santuario de la Inmaculada Concepci\u00f3n ubicado en la cumbre del Cerro San Crist\u00f3bal, con la presencia de 50 personas.<\/p>\n\n\n\n<p style=\"font-size:17px\">En las Catedrales de las 22 Di\u00f3cesis y 4 Arquidi\u00f3cesis restantes de Chile, el 18 de Septiembre, a la misma hora del Te Deum Ecum\u00e9nico de Santiago, se realiza una ceremonia hom\u00f3loga presidida por los Obispos y Arzobispos respectivos, contando con la presencia de las autoridades regionales.<\/p>\n\n\n\n<p style=\"font-size:17px\">A partir del a\u00f1o 1970, se han venido escuchando voces tendientes a la eliminaci\u00f3n o supresi\u00f3n del Te Deum como actividad republicana y entre otros argumentos se se\u00f1ala que cada d\u00eda existir\u00eda una escasa atenci\u00f3n popular a esta fiesta religiosa.<\/p>\n\n\n\n<p style=\"font-size:17px\">El conocido periodista Daniel Matamala, en una columna escrita en Ciper sostiene que:\u201d El arzobispo de Santiago no tiene un liderazgo moral tras los casos de abusos sexuales, encubrimientos e inacci\u00f3n contra la pedofilia en la jerarqu\u00eda cat\u00f3lica. Por cierto, contin\u00faa diciendo, el arzobispo de Santiago sigue teniendo el leg\u00edtimo derecho de intervenir en los debates pol\u00edticos e intentar convencer a la opini\u00f3n p\u00fablica de sus posiciones. Lo que no corresponde, es que sus ideas particulares de temas pol\u00edticos como el aborto, el matrimonio igualitario, el salario m\u00ednimo o la corrupci\u00f3n reciban el subsidio de ser presentadas sin contraste ni debate en la principal ceremonia de la Rep\u00fablica\u201d.<\/p>\n\n\n\n<p style=\"font-size:17px\">En atenci\u00f3n a la crisis de confianza y credibilidad que existe en la ciudadan\u00eda hacia las instituciones representativas de la Rep\u00fablica, en que el Cuerpo de Bomberos de Chiles es la instituci\u00f3n&nbsp; m\u00e1s cre\u00edble y respetada del pa\u00eds, y considerando que hace muchos a\u00f1os se elimin\u00f3 la Santa Misa del ritual, ser\u00eda signo de concordia y adaptaci\u00f3n a los tiempos, que en la ceremonia que nos ocupa, se sustituyera la Homil\u00eda a cargo del Arzobispo, que siempre ha sido fuente de conflictos, por una plegaria conjunta de las Iglesias asistentes a la mas antigua ceremonia republicana de Chile.<\/p>\n","protected":false},"excerpt":{"rendered":"<p>El Te Deum es un c\u00e1ntico de Acci\u00f3n de Gracias a Dios que se realiza en los momentos m\u00e1s importantes de la vida de la Iglesia o de una Naci\u00f3n. La celebraci\u00f3n del Te Deum tiene sus or\u00edgenes en el Siglo IV (4\u00b0) y es un canto de gratitud, de profesi\u00f3n de fe. Las palabras&#8230;<a class=\"btnReadMore\" href=\"https:\/\/www.semanariolocal.cl\/?p=2004\"> Leer M\u00e1s<\/a><\/p>\n","protected":false},"author":1,"featured_media":2006,"comment_status":"closed","ping_status":"closed","sticky":false,"template":"","format":"standard","meta":{"footnotes":""},"categories":[7],"tags":[],"class_list":["post-2004","post","type-post","status-publish","format-standard","has-post-thumbnail","hentry","category-opinion"],"_links":{"self":[{"href":"https:\/\/www.semanariolocal.cl\/index.php?rest_route=\/wp\/v2\/posts\/2004","targetHints":{"allow":["GET"]}}],"collection":[{"href":"https:\/\/www.semanariolocal.cl\/index.php?rest_route=\/wp\/v2\/posts"}],"about":[{"href":"https:\/\/www.semanariolocal.cl\/index.php?rest_route=\/wp\/v2\/types\/post"}],"author":[{"embeddable":true,"href":"https:\/\/www.semanariolocal.cl\/index.php?rest_route=\/wp\/v2\/users\/1"}],"replies":[{"embeddable":true,"href":"https:\/\/www.semanariolocal.cl\/index.php?rest_route=%2Fwp%2Fv2%2Fcomments&post=2004"}],"version-history":[{"count":1,"href":"https:\/\/www.semanariolocal.cl\/index.php?rest_route=\/wp\/v2\/posts\/2004\/revisions"}],"predecessor-version":[{"id":2007,"href":"https:\/\/www.semanariolocal.cl\/index.php?rest_route=\/wp\/v2\/posts\/2004\/revisions\/2007"}],"wp:featuredmedia":[{"embeddable":true,"href":"https:\/\/www.semanariolocal.cl\/index.php?rest_route=\/wp\/v2\/media\/2006"}],"wp:attachment":[{"href":"https:\/\/www.semanariolocal.cl\/index.php?rest_route=%2Fwp%2Fv2%2Fmedia&parent=2004"}],"wp:term":[{"taxonomy":"category","embeddable":true,"href":"https:\/\/www.semanariolocal.cl\/index.php?rest_route=%2Fwp%2Fv2%2Fcategories&post=2004"},{"taxonomy":"post_tag","embeddable":true,"href":"https:\/\/www.semanariolocal.cl\/index.php?rest_route=%2Fwp%2Fv2%2Ftags&post=2004"}],"curies":[{"name":"wp","href":"https:\/\/api.w.org\/{rel}","templated":true}]}}