{"id":20023,"date":"2024-03-15T18:02:41","date_gmt":"2024-03-15T21:02:41","guid":{"rendered":"https:\/\/www.semanariolocal.cl\/?p=20023"},"modified":"2024-03-15T18:02:42","modified_gmt":"2024-03-15T21:02:42","slug":"diputado-barria-ni-el-gobierno-ni-la-oposicion-pueden-sacar-cuentas-alegres-a-dos-anos-de-haber-asumido","status":"publish","type":"post","link":"https:\/\/www.semanariolocal.cl\/?p=20023","title":{"rendered":"Diputado Barr\u00eda: \u00abNi el Gobierno ni la oposici\u00f3n pueden sacar cuentas alegres a dos a\u00f1os de haber asumido\u00bb"},"content":{"rendered":"\n<p><strong><em>\u00abYa se han cumplido dos a\u00f1os del actual Gobierno, pero tambi\u00e9n de la oposici\u00f3n, d\u00f3nde algunos sectores de derecha en estos dos a\u00f1os han negado la sal y el agua, no han colaborado en ning\u00fan tipo de acuerdo\u00bb,&nbsp;<\/em><\/strong>declar\u00f3 Barr\u00eda, refiri\u00e9ndose a la falta de cooperaci\u00f3n entre los distintos sectores pol\u00edticos.<\/p>\n\n\n\n<p>El Diputado critic\u00f3 la falta de atenci\u00f3n a temas cruciales como la salud, la educaci\u00f3n y la situaci\u00f3n del agua que afecta a diversas comunidades<strong><em>. \u00abCuando el Gobierno se aleja de los temas que son prioridad para la comunidad, al gobierno le va mal\u00bb,&nbsp;<\/em><\/strong>afirm\u00f3, destacando la importancia de abordar estas problem\u00e1ticas de manera efectiva.<\/p>\n\n\n\n<p>Asimismo, Barr\u00eda hizo hincapi\u00e9 en la necesidad de obtener resultados concretos en lugar de simplemente manifestar preocupaci\u00f3n<strong><em>. \u00abNo basta con la preocupaci\u00f3n, no basta con darlo a conocer, necesitamos resultados, es como si un equipo de f\u00fatbol jugara bien, pero no mete goles\u00bb,&nbsp;<\/em><\/strong>ilustr\u00f3.<\/p>\n\n\n\n<p>En cuanto a la reforma de pensiones, el Diputado expres\u00f3 su apoyo a la iniciativa, aunque lament\u00f3 que fuera rechazada en gran parte de su articulado.&nbsp;<strong><em>\u00abEsperemos que en este a\u00f1o avancemos en esta reforma de pensiones, que es crucial que no sigamos buscando diferencias\u00bb,&nbsp;<\/em><\/strong>expres\u00f3.<\/p>\n\n\n\n<p>En \u00faltima instancia, Barr\u00eda mostr\u00f3 optimismo de cara al futuro, aunque inst\u00f3 a ambas partes a trabajar en conjunto para mejorar la situaci\u00f3n del pa\u00eds.&nbsp;<strong><em>\u00abEsperamos y confiamos, porque la fe nunca hay que perderla cuando uno es creyente, cuando uno quiere obrar con el sentido com\u00fan\u00bb,<\/em><\/strong>&nbsp;concluy\u00f3.<\/p>\n\n\n\n<p>Con estas declaraciones, el Diputado Barr\u00eda pone de manifiesto la necesidad de un cambio de rumbo y una mayor colaboraci\u00f3n entre el Gobierno y la oposici\u00f3n para abordar los desaf\u00edos que enfrenta el pa\u00eds.<\/p>\n","protected":false},"excerpt":{"rendered":"<p>En medio de un balance cr\u00edtico sobre el desempe\u00f1o del Gobierno y la oposici\u00f3n, el Diputado Barr\u00eda ha expresado su preocupaci\u00f3n por el rumbo que ha tomado el pa\u00eds en los \u00faltimos dos a\u00f1os. El parlamentario manifest\u00f3 su descontento con ambas partes, se\u00f1alando que ninguna puede hacer alardes de logros significativos.<\/p>\n","protected":false},"author":1,"featured_media":20024,"comment_status":"closed","ping_status":"closed","sticky":false,"template":"","format":"standard","meta":{"footnotes":""},"categories":[3,6],"tags":[337,273,247,133],"class_list":["post-20023","post","type-post","status-publish","format-standard","has-post-thumbnail","hentry","category-al-dia","category-politica","tag-informacion","tag-noticias","tag-region-de-los-lagos","tag-semanario-local"],"_links":{"self":[{"href":"https:\/\/www.semanariolocal.cl\/index.php?rest_route=\/wp\/v2\/posts\/20023","targetHints":{"allow":["GET"]}}],"collection":[{"href":"https:\/\/www.semanariolocal.cl\/index.php?rest_route=\/wp\/v2\/posts"}],"about":[{"href":"https:\/\/www.semanariolocal.cl\/index.php?rest_route=\/wp\/v2\/types\/post"}],"author":[{"embeddable":true,"href":"https:\/\/www.semanariolocal.cl\/index.php?rest_route=\/wp\/v2\/users\/1"}],"replies":[{"embeddable":true,"href":"https:\/\/www.semanariolocal.cl\/index.php?rest_route=%2Fwp%2Fv2%2Fcomments&post=20023"}],"version-history":[{"count":1,"href":"https:\/\/www.semanariolocal.cl\/index.php?rest_route=\/wp\/v2\/posts\/20023\/revisions"}],"predecessor-version":[{"id":20025,"href":"https:\/\/www.semanariolocal.cl\/index.php?rest_route=\/wp\/v2\/posts\/20023\/revisions\/20025"}],"wp:featuredmedia":[{"embeddable":true,"href":"https:\/\/www.semanariolocal.cl\/index.php?rest_route=\/wp\/v2\/media\/20024"}],"wp:attachment":[{"href":"https:\/\/www.semanariolocal.cl\/index.php?rest_route=%2Fwp%2Fv2%2Fmedia&parent=20023"}],"wp:term":[{"taxonomy":"category","embeddable":true,"href":"https:\/\/www.semanariolocal.cl\/index.php?rest_route=%2Fwp%2Fv2%2Fcategories&post=20023"},{"taxonomy":"post_tag","embeddable":true,"href":"https:\/\/www.semanariolocal.cl\/index.php?rest_route=%2Fwp%2Fv2%2Ftags&post=20023"}],"curies":[{"name":"wp","href":"https:\/\/api.w.org\/{rel}","templated":true}]}}