{"id":20020,"date":"2024-03-15T17:57:36","date_gmt":"2024-03-15T20:57:36","guid":{"rendered":"https:\/\/www.semanariolocal.cl\/?p=20020"},"modified":"2024-03-15T17:57:37","modified_gmt":"2024-03-15T20:57:37","slug":"acompanados-por-la-contraloria-el-gore-los-lagos-avanza-en-el-cierre-anticipado-de-los-programas","status":"publish","type":"post","link":"https:\/\/www.semanariolocal.cl\/?p=20020","title":{"rendered":"Acompa\u00f1ados por la Contralor\u00eda, el GORE Los Lagos avanza en el cierre anticipado de los programas"},"content":{"rendered":"\n<p>El objetivo principal, es marcar la ruta para que se concreten los reintegros asociados a los programas que estaban en ejecuci\u00f3n, generando el necesario \u201cfeedback\u201d para cumplir con la labor encomendada, apegados a las exigencias del organismo fiscalizador.<\/p>\n\n\n\n<p>El Gobernador Regional, Patricio Vallespin, tras la reuni\u00f3n que sostuvo la comisi\u00f3n de Hacienda del CORE, expres\u00f3 su satisfacci\u00f3n por la concreci\u00f3n de la cita que propuso se hiciera, para informar el detalle del proceso, agregando que existe interacci\u00f3n \u201ccon Contralor\u00eda General de la Rep\u00fablica enviando el procedimiento general que estamos estableciendo, que estamos aplicando y que despu\u00e9s esto, por cierto, sea revisado por Contralor\u00eda porque este es un tema donde todos estamos entregando las mejores formas de resguardar el reintegro que corresponde en funci\u00f3n de lo que se hizo, lo que se hizo bien y que por tanto tiene y amerita el pago respectivo con la rendici\u00f3n de cuentas respectivas y lo que no corresponda, por cierto, que tiene que volver.\u201d<\/p>\n\n\n\n<p>El vicepresidente de la Comisi\u00f3n de Hacienda del Consejo Regional, Francisco Reyes, dijo que, saca conclusiones importantes del trabajo que est\u00e1 realizando el GORE: \u201cPrimero, que hay tres programas que est\u00e1n bajo el 50% de reintegro y a ellos hay que hacerle hincapi\u00e9 a prop\u00f3sito de las etapas que han descrito y que ya est\u00e1n precisamente llegando a su fin. Segundo, que la Contralor\u00eda General va a hacer una auditor\u00eda a cada uno de los cierres, lo que genera cierta seguridad y garant\u00eda de que esto est\u00e1 bien hecho y que los reintegros son los adecuados. Y tercero, que estamos a la espera que la DIPRES de respuesta a la consulta planteada en diciembre respecto a estos fondos reintegrados y se queden en el presupuesto regional o deben volver al tesoro p\u00fablico.\u201d<\/p>\n\n\n\n<p>De esta manera, la instituci\u00f3n en su conjunto y siguiendo lineamientos del entre contralor, contin\u00faa fortaleciendo el resguardo y buen uso de los recursos de la Regi\u00f3n de Los Lagos.<\/p>\n","protected":false},"excerpt":{"rendered":"<p>Un intenso trabajo colaborativo mantiene las instituciones, con la finalidad de concretar el cese total de las iniciativas que llevaba el Gobierno Regional en distintas zonas de la Regi\u00f3n de Los Lagos.<\/p>\n","protected":false},"author":1,"featured_media":20021,"comment_status":"closed","ping_status":"closed","sticky":false,"template":"","format":"standard","meta":{"footnotes":""},"categories":[3,6],"tags":[2118,337,273,247,133],"class_list":["post-20020","post","type-post","status-publish","format-standard","has-post-thumbnail","hentry","category-al-dia","category-politica","tag-semanariolocal","tag-informacion","tag-noticias","tag-region-de-los-lagos","tag-semanario-local"],"_links":{"self":[{"href":"https:\/\/www.semanariolocal.cl\/index.php?rest_route=\/wp\/v2\/posts\/20020","targetHints":{"allow":["GET"]}}],"collection":[{"href":"https:\/\/www.semanariolocal.cl\/index.php?rest_route=\/wp\/v2\/posts"}],"about":[{"href":"https:\/\/www.semanariolocal.cl\/index.php?rest_route=\/wp\/v2\/types\/post"}],"author":[{"embeddable":true,"href":"https:\/\/www.semanariolocal.cl\/index.php?rest_route=\/wp\/v2\/users\/1"}],"replies":[{"embeddable":true,"href":"https:\/\/www.semanariolocal.cl\/index.php?rest_route=%2Fwp%2Fv2%2Fcomments&post=20020"}],"version-history":[{"count":1,"href":"https:\/\/www.semanariolocal.cl\/index.php?rest_route=\/wp\/v2\/posts\/20020\/revisions"}],"predecessor-version":[{"id":20022,"href":"https:\/\/www.semanariolocal.cl\/index.php?rest_route=\/wp\/v2\/posts\/20020\/revisions\/20022"}],"wp:featuredmedia":[{"embeddable":true,"href":"https:\/\/www.semanariolocal.cl\/index.php?rest_route=\/wp\/v2\/media\/20021"}],"wp:attachment":[{"href":"https:\/\/www.semanariolocal.cl\/index.php?rest_route=%2Fwp%2Fv2%2Fmedia&parent=20020"}],"wp:term":[{"taxonomy":"category","embeddable":true,"href":"https:\/\/www.semanariolocal.cl\/index.php?rest_route=%2Fwp%2Fv2%2Fcategories&post=20020"},{"taxonomy":"post_tag","embeddable":true,"href":"https:\/\/www.semanariolocal.cl\/index.php?rest_route=%2Fwp%2Fv2%2Ftags&post=20020"}],"curies":[{"name":"wp","href":"https:\/\/api.w.org\/{rel}","templated":true}]}}