{"id":20016,"date":"2024-03-15T17:51:44","date_gmt":"2024-03-15T20:51:44","guid":{"rendered":"https:\/\/www.semanariolocal.cl\/?p=20016"},"modified":"2024-03-15T17:54:21","modified_gmt":"2024-03-15T20:54:21","slug":"campana-de-preventivos-contra-el-cancer-de-mama-atendera-a-carca-de-400-mujeres-en-la-zona","status":"publish","type":"post","link":"https:\/\/www.semanariolocal.cl\/?p=20016","title":{"rendered":"Campa\u00f1a de preventivos contra el c\u00e1ncer de mama atender\u00e1 a cerca de 400 mujeres en la zona"},"content":{"rendered":"\n<p>Cerca de 400 mujeres de la Regi\u00f3n de Los Lagos ser\u00e1n beneficiadas con mamograf\u00edas gratuitas gracias a la colaboraci\u00f3n entre Caja de Compensaci\u00f3n La Araucana y la Fundaci\u00f3n Arturo L\u00f3pez P\u00e9rez (FALP), alianza que busca acercar esta prestaci\u00f3n de salud a afiliadas que por recursos o falta de tiempo no han podido realizarlo.<\/p>\n\n\n\n<p>Esta semana, ya se realizaron ex\u00e1menes enfocados en la detecci\u00f3n temprana del c\u00e1ncer de mama a trav\u00e9s de dos cl\u00ednicas m\u00f3viles ubicadas en la Plazuela Yungay de Osorno. Esta iniciativa benefici\u00f3 a m\u00e1s de 70 mujeres y se extender\u00e1 durante abril a otras comunas como Los Muermos, Ancud, Castro, Quell\u00f3n y Calbuco, donde se espera alcanzar a cerca de un total de 400 afiliadas previamente inscritas.<\/p>\n\n\n\n<p>Cabe destacar que se trata de una instancia que se repite por segundo a\u00f1o consecutivo en la regi\u00f3n como parte de un plan que contempla 131 operativos en todo el pa\u00eds durante 2024, buscando beneficiar a un total de 5 mil afiliadas a nivel nacional.<\/p>\n\n\n\n<p>\u201cEn muchas ocasiones no se realizan este tipo de ex\u00e1menes preventivos por falta de tiempo o dinero. Por lo mismo, a trav\u00e9s de estos operativos queremos fomentar el autocuidado en temas de salud y apoyar para que los factores geogr\u00e1ficos o econ\u00f3micos no sean un impedimento para acceder a esta prestaci\u00f3n. Y junto a FALP asumimos este desaf\u00edo y esperamos que estas cl\u00ednicas m\u00f3viles sean de mucha utilidad en cada comuna que visitemos\u201d, destac\u00f3 el gerente general de La Araucana, Francisco Sep\u00falveda.<\/p>\n\n\n\n<p>Durante 2023, la iniciativa benefici\u00f3 a m\u00e1s de 3 mil mujeres y para este a\u00f1o, la caja de compensaci\u00f3n decidi\u00f3 ampliar su impacto positivo, aumentando en un 56% los ex\u00e1menes a nivel nacional.<\/p>\n\n\n\n<p>\u201cEs una experiencia muy buena ya que, a trav\u00e9s de estos operativos, en cualquier momento puedo saber si tengo o no la enfermedad. Es lo m\u00e1s importante, es por eso que deber\u00edan hac\u00e9rselo todas las mujeres para prevenir, poder cuidarse y tener una salud mejor\u201d, explic\u00f3 Sandra S\u00e1nchez, trabajadora de Jumbo Osorno y afiliada de Caja La Araucana que fue beneficiada por la iniciativa.<\/p>\n\n\n\n<p>Para conocer m\u00e1s informaci\u00f3n de las ciudades y fechas que recorrer\u00e1 la cl\u00ednica m\u00f3vil revisa en www.laaraucana.cl.<\/p>\n","protected":false},"excerpt":{"rendered":"<p>Gracias a una iniciativa impulsada por Caja La Araucana y la Fundaci\u00f3n Arturo L\u00f3pez P\u00e9rez (FALP), esta semana m\u00e1s de 70 mujeres de Osorno accedieron a la realizaci\u00f3n de ex\u00e1menes oncol\u00f3gicos preventivos mediante operativos m\u00f3viles, que durante abril estar\u00e1n presentes en otras seis ciudades de la regi\u00f3n<\/p>\n","protected":false},"author":1,"featured_media":20017,"comment_status":"closed","ping_status":"closed","sticky":false,"template":"","format":"standard","meta":{"footnotes":""},"categories":[3,2484],"tags":[2118,337,273,247,133],"class_list":["post-20016","post","type-post","status-publish","format-standard","has-post-thumbnail","hentry","category-al-dia","category-salud","tag-semanariolocal","tag-informacion","tag-noticias","tag-region-de-los-lagos","tag-semanario-local"],"_links":{"self":[{"href":"https:\/\/www.semanariolocal.cl\/index.php?rest_route=\/wp\/v2\/posts\/20016","targetHints":{"allow":["GET"]}}],"collection":[{"href":"https:\/\/www.semanariolocal.cl\/index.php?rest_route=\/wp\/v2\/posts"}],"about":[{"href":"https:\/\/www.semanariolocal.cl\/index.php?rest_route=\/wp\/v2\/types\/post"}],"author":[{"embeddable":true,"href":"https:\/\/www.semanariolocal.cl\/index.php?rest_route=\/wp\/v2\/users\/1"}],"replies":[{"embeddable":true,"href":"https:\/\/www.semanariolocal.cl\/index.php?rest_route=%2Fwp%2Fv2%2Fcomments&post=20016"}],"version-history":[{"count":2,"href":"https:\/\/www.semanariolocal.cl\/index.php?rest_route=\/wp\/v2\/posts\/20016\/revisions"}],"predecessor-version":[{"id":20019,"href":"https:\/\/www.semanariolocal.cl\/index.php?rest_route=\/wp\/v2\/posts\/20016\/revisions\/20019"}],"wp:featuredmedia":[{"embeddable":true,"href":"https:\/\/www.semanariolocal.cl\/index.php?rest_route=\/wp\/v2\/media\/20017"}],"wp:attachment":[{"href":"https:\/\/www.semanariolocal.cl\/index.php?rest_route=%2Fwp%2Fv2%2Fmedia&parent=20016"}],"wp:term":[{"taxonomy":"category","embeddable":true,"href":"https:\/\/www.semanariolocal.cl\/index.php?rest_route=%2Fwp%2Fv2%2Fcategories&post=20016"},{"taxonomy":"post_tag","embeddable":true,"href":"https:\/\/www.semanariolocal.cl\/index.php?rest_route=%2Fwp%2Fv2%2Ftags&post=20016"}],"curies":[{"name":"wp","href":"https:\/\/api.w.org\/{rel}","templated":true}]}}