{"id":19931,"date":"2024-03-12T22:26:26","date_gmt":"2024-03-13T01:26:26","guid":{"rendered":"https:\/\/www.semanariolocal.cl\/?p=19931"},"modified":"2024-03-12T22:26:27","modified_gmt":"2024-03-13T01:26:27","slug":"ecologismo-magico","status":"publish","type":"post","link":"https:\/\/www.semanariolocal.cl\/?p=19931","title":{"rendered":"Ecologismo m\u00e1gico"},"content":{"rendered":"\n<p>Mucho se ha discutido y anunciado a trav\u00e9s de organizaciones civiles, ecologistas, amigos del alcalde Tom\u00e1s Garate, promocionando en redes sociales o en grupos de whatsapp de juntas de vecinos, cuyo \u00fanico objetivo es generar presi\u00f3n, cuestionando los votos de los 3&nbsp;<strong>\u201cMalignos\u201d<\/strong>&nbsp;Concejales de Puerto Varas que votamos en contra de la propuesta del alcalde y presidente de la Asociaci\u00f3n de Municipalidades.<\/p>\n\n\n\n<p><strong>\u00bfCu\u00e1les fueron nuestras malignas intenciones?<\/strong><\/p>\n\n\n\n<p>En nuestro pa\u00eds tenemos empresas del Estado que funcionan, pero funcionan p\u00e9simo; por ejemplo CODELCO, ENAP, TVN y EFE son solo algunos de estos modelos, pero se han preguntado&nbsp;<strong>\u00bfPorque estas empresas funcionan mal?<\/strong>&nbsp;En mi opini\u00f3n porque se convierten en cajas pagadoras de favores pol\u00edticos de los amigos de la autoridad de turno.<\/p>\n\n\n\n<p>Hoy, los vecinos quieren soluciones y se venden subterfugios que suenan a que saldr\u00e1 algod\u00f3n de az\u00facar al r\u00edo Maull\u00edn en vez de lixiviados. El papel aguanta mucho y la comunidad se ilusiona, no obstante, la realidad siempre se impondr\u00e1 al realismo m\u00e1gico.<\/p>\n\n\n\n<p>Necesitamos una empresa que tenga una amplia y corroborada experiencia en esta materia, que nos d\u00e9 certezas y un est\u00e1ndar a la altura de las expectativas de nuestros vecinos; no queremos suposiciones ni alternativas que no solo son riesgosas, sino que los mismos antecedentes a nivel nacional auguran el futuro de esta opci\u00f3n, pero las buenas intenciones no bastan, la historia de las empresas administradas por el Estado han sido un real fracaso, que se puede corroborar en distintos medios de comunicaci\u00f3n y en la famosa nube del internet. &nbsp;<\/p>\n\n\n\n<p>El ecologismo m\u00e1gico tambi\u00e9n lleg\u00f3 a los defensores de esta administraci\u00f3n que resguardan la propuesta atacando a los Concejales que no votaron lo que ellos quer\u00edan y que adem\u00e1s acusan de defender a la empresa cuestionada.<\/p>\n\n\n\n<p>Yo les planteo la siguiente pregunta a nuestros vecinos.&nbsp;<strong>\u00bfSi el alcalde actual no fuera de su mismo c\u00edrculo, operar\u00edan igual que ahora?<\/strong>&nbsp;&nbsp;Les aseguro qu\u00e9 NO. El responsable legal de la contaminaci\u00f3n y de las Resoluciones de Calificaci\u00f3n Ambiental (RCA) del relleno sanitario es la Administraci\u00f3n del Alcalde G\u00e1rate con \u00e9l como representante legal.<\/p>\n\n\n\n<p>Todo ecologista tiene clara esta materia, pero prefieren subirse al carro del enga\u00f1o por intereses particulares desinformando y abstrayendo la realidad a conveniencia de su c\u00edrculo m\u00e1s \u00edntimo. Es de conocimiento p\u00fablico que el Alcalde G\u00e1rate lleg\u00f3 al municipio a trav\u00e9s de todas estas fundaciones y grupos ecologistas, por eso les pido a los puertovarinos que no caigan en enga\u00f1os.<\/p>\n\n\n\n<p>Aqu\u00ed no hay malos ni buenos. Somos 3 Concejales&nbsp;<strong>(Godoy-Salazar-Horn)&nbsp;<\/strong>que buscamos certezas para nuestros vecinos, mientras tenemos a un alcalde que no ejerci\u00f3 su principal funci\u00f3n respecto a esta materia, la cual es controlar y fiscalizar el contrato que finalmente se le escap\u00f3 de las manos y como alternativa, plantea que seamos el conejillo de indias del ecologismo m\u00e1gico.<\/p>\n\n\n\n<p>Vecinos de la provincia de Llanquihue, no olvidemos que el camino al infierno est\u00e1 pavimentado con buenas intenciones.<\/p>\n\n\n\n<p><strong>Antonio Horn, Concejal de Puerto Varas<\/strong><\/p>\n","protected":false},"excerpt":{"rendered":"<p>Hoy, los vecinos quieren soluciones y se venden subterfugios que suenan a que saldr\u00e1 algod\u00f3n de az\u00facar al r\u00edo Maull\u00edn en vez de lixiviados. <\/p>\n","protected":false},"author":1,"featured_media":19932,"comment_status":"closed","ping_status":"closed","sticky":false,"template":"","format":"standard","meta":{"footnotes":""},"categories":[3,7],"tags":[2118,337,273,247,133],"class_list":["post-19931","post","type-post","status-publish","format-standard","has-post-thumbnail","hentry","category-al-dia","category-opinion","tag-semanariolocal","tag-informacion","tag-noticias","tag-region-de-los-lagos","tag-semanario-local"],"_links":{"self":[{"href":"https:\/\/www.semanariolocal.cl\/index.php?rest_route=\/wp\/v2\/posts\/19931","targetHints":{"allow":["GET"]}}],"collection":[{"href":"https:\/\/www.semanariolocal.cl\/index.php?rest_route=\/wp\/v2\/posts"}],"about":[{"href":"https:\/\/www.semanariolocal.cl\/index.php?rest_route=\/wp\/v2\/types\/post"}],"author":[{"embeddable":true,"href":"https:\/\/www.semanariolocal.cl\/index.php?rest_route=\/wp\/v2\/users\/1"}],"replies":[{"embeddable":true,"href":"https:\/\/www.semanariolocal.cl\/index.php?rest_route=%2Fwp%2Fv2%2Fcomments&post=19931"}],"version-history":[{"count":1,"href":"https:\/\/www.semanariolocal.cl\/index.php?rest_route=\/wp\/v2\/posts\/19931\/revisions"}],"predecessor-version":[{"id":19933,"href":"https:\/\/www.semanariolocal.cl\/index.php?rest_route=\/wp\/v2\/posts\/19931\/revisions\/19933"}],"wp:featuredmedia":[{"embeddable":true,"href":"https:\/\/www.semanariolocal.cl\/index.php?rest_route=\/wp\/v2\/media\/19932"}],"wp:attachment":[{"href":"https:\/\/www.semanariolocal.cl\/index.php?rest_route=%2Fwp%2Fv2%2Fmedia&parent=19931"}],"wp:term":[{"taxonomy":"category","embeddable":true,"href":"https:\/\/www.semanariolocal.cl\/index.php?rest_route=%2Fwp%2Fv2%2Fcategories&post=19931"},{"taxonomy":"post_tag","embeddable":true,"href":"https:\/\/www.semanariolocal.cl\/index.php?rest_route=%2Fwp%2Fv2%2Ftags&post=19931"}],"curies":[{"name":"wp","href":"https:\/\/api.w.org\/{rel}","templated":true}]}}