{"id":19928,"date":"2024-03-12T21:09:34","date_gmt":"2024-03-13T00:09:34","guid":{"rendered":"https:\/\/www.semanariolocal.cl\/?p=19928"},"modified":"2024-03-12T21:09:35","modified_gmt":"2024-03-13T00:09:35","slug":"hospital-puerto-montt-recibe-equipamiento-de-alta-tecnologia-financiado-por-el-gobierno-regional","status":"publish","type":"post","link":"https:\/\/www.semanariolocal.cl\/?p=19928","title":{"rendered":"Hospital Puerto Montt recibe equipamiento de alta tecnolog\u00eda financiado por el Gobierno Regional"},"content":{"rendered":"\n<p>El Hospital Montt recibi\u00f3 este martes equipos m\u00e9dicos de alta tecnolog\u00eda, gracias al financiamiento del Gobierno Regional de Los Lagos, y el desarrollo de los proyectos por parte del Servicio de Salud Del Reloncav\u00ed. <\/p>\n\n\n\n<p>Al respecto la directora del Servicio de Salud Del Reloncav\u00ed, B\u00e1rbara Del Pino precis\u00f3 que \u201choy estamos recibiendo una inversi\u00f3n de m\u00e1s de 1.200 millones de pesos, que se suman a un total de 8 mil millones entre programas, proyectos, inversi\u00f3n en temas de salud. Estas son las alianzas virtuosas que hay que mantener, porque hay mucha necesidad y los recursos son escasos\u201d.<\/p>\n\n\n\n<p>El director del Hospital Puerto Montt, Manuel Gonz\u00e1lez, destac\u00f3 que \u201cesta es una demostraci\u00f3n de que el Estado funciona, y funciona cuando trabajamos de manera articulada entre las distintas instituciones y en particular en salud, fortaleciendo al Hospital\u201d, agregando que \u201clo que estamos haciendo hoy espec\u00edficamente es fortalecer a dos unidades que finalmente impactan en los pacientes que est\u00e1n en el Servicio de Urgencia, porque la atenci\u00f3n va a ser m\u00e1s oportuna para los pacientes que vienen con alguna patolog\u00eda cardiaca, y tambi\u00e9n a los pedi\u00e1tricos\u201d.<\/p>\n\n\n\n<p>La seremi de Salud, Karin Sol\u00eds, enfatiz\u00f3 en que \u201cel equipamiento que nos entrega el GORE lo recibimos muy agradecidos, porque viene a resolver problemas de g\u00e9nero, es decir, ec\u00f3grafos para la atenci\u00f3n integral de las mujeres de nuestra Regi\u00f3n; un ecocardiograma para la atenci\u00f3n que hacen los cardi\u00f3logos que trabajan en nuestro Hospital de alta complejidad, y esto viene a poner sobre un 75% a disposici\u00f3n de la alta complejidad que tiene que ver con la ocupaci\u00f3n de las unidades cr\u00edticas, ya que el a\u00f1o pasado tuvimos que ampliar la capacidad t\u00e9cnica\u201d.<\/p>\n\n\n\n<p><strong>Equipos<\/strong><\/p>\n\n\n\n<p>Los ventiladores son equipos enfocados en la protecci\u00f3n pulmonar y tratamiento respiratorio en Unidades de Pacientes Cr\u00edticos de tipo neonatos, pedi\u00e1tricos y adultos.<\/p>\n\n\n\n<p>El ventilador mec\u00e1nico SERVO-U forma parte del equipamiento de \u00faltima tecnolog\u00eda incorporado al Hospital de Puerto Montt como exitosa herramienta para enfrentar \u00e9sta y las pr\u00f3ximas Campa\u00f1as de Invierno, garantizando un servicio de salud de calidad y eficiente para la poblaci\u00f3n.<\/p>\n\n\n\n<p>Estas adquisiciones, junto con los 9 ec\u00f3grafos que est\u00e1n prontos a incorporarse, son fundamentales para enfrentar los periodos m\u00e1s cr\u00edticos de atenciones respiratorias, cuya curva de crecimiento comienza en la segunda semana de marzo.<\/p>\n\n\n\n<p>Respecto del equipo ecocardi\u00f3grafo adulto, su sistema est\u00e1 dise\u00f1ado para sobresalir en adultos con im\u00e1genes card\u00edacas 2D y 4D, as\u00ed como en diferentes \u00e1reas de aplicaci\u00f3n cl\u00ednica.<\/p>\n\n\n\n<p>Permite realizar un diagn\u00f3stico precoz de la atenci\u00f3n cardiol\u00f3gica vigente hoy en d\u00eda en el Hospital Puerto Montt, pero tambi\u00e9n colaborar\u00e1 en el desarrollo del futuro centro de cirug\u00eda cardiovascular.<\/p>\n\n\n\n<p>Respecto de los ventiladores, el Dr. Felipe DeAmesti, m\u00e9dico intervencionista pedi\u00e1trico y jefe (s) de la UPC Pedi\u00e1trica, inform\u00f3 que \u201cestos ventiladores son de muy alta gama, por lo que estamos muy contentos de haberlos recibido y ser\u00e1n un gran aporte en el cuidado de nuestros pacientes; nos permitir\u00e1n responder a nuestros 12 cupos y tener incluso de reserva en caso de que sean necesarios\u201d.<\/p>\n\n\n\n<p>El Dr. Ra\u00fal Barrero, jefe del servicio de Cardiolog\u00eda del Hospital, destaca que \u201cel equipo (ecocardi\u00f3grafo) que se adquiere es un equipo de \u00faltima generaci\u00f3n, a nivel regional top de l\u00ednea, no creo que haya ninguno mejor a nivel privado ni p\u00fablico y permite facilitar mucho al operador la toma de im\u00e1genes de examen, y lo novedoso es que ocupa la inteligencia artificial en la adquisici\u00f3n de im\u00e1genes, acortando y facilitando los tiempos del examen, permiti\u00e9ndonos hacer ex\u00e1menes de mejor calidad y m\u00e1s r\u00e1pido para nuestros usuarios, repercutiendo en la oportunidad para resolver las listas de espera\u201d.<\/p>\n","protected":false},"excerpt":{"rendered":"<p>Se trata de un ecocardi\u00f3grafo y nueve ventiladores mec\u00e1nicos, a lo que se suman nueve ec\u00f3grafos prontos a llegar, y que en su totalidad tienen una inversi\u00f3n de 1.221 millones de pesos.<\/p>\n","protected":false},"author":1,"featured_media":19929,"comment_status":"closed","ping_status":"closed","sticky":false,"template":"","format":"standard","meta":{"footnotes":""},"categories":[3,2495,2484],"tags":[2118,337,273,247,133],"class_list":["post-19928","post","type-post","status-publish","format-standard","has-post-thumbnail","hentry","category-al-dia","category-gore","category-salud","tag-semanariolocal","tag-informacion","tag-noticias","tag-region-de-los-lagos","tag-semanario-local"],"_links":{"self":[{"href":"https:\/\/www.semanariolocal.cl\/index.php?rest_route=\/wp\/v2\/posts\/19928","targetHints":{"allow":["GET"]}}],"collection":[{"href":"https:\/\/www.semanariolocal.cl\/index.php?rest_route=\/wp\/v2\/posts"}],"about":[{"href":"https:\/\/www.semanariolocal.cl\/index.php?rest_route=\/wp\/v2\/types\/post"}],"author":[{"embeddable":true,"href":"https:\/\/www.semanariolocal.cl\/index.php?rest_route=\/wp\/v2\/users\/1"}],"replies":[{"embeddable":true,"href":"https:\/\/www.semanariolocal.cl\/index.php?rest_route=%2Fwp%2Fv2%2Fcomments&post=19928"}],"version-history":[{"count":1,"href":"https:\/\/www.semanariolocal.cl\/index.php?rest_route=\/wp\/v2\/posts\/19928\/revisions"}],"predecessor-version":[{"id":19930,"href":"https:\/\/www.semanariolocal.cl\/index.php?rest_route=\/wp\/v2\/posts\/19928\/revisions\/19930"}],"wp:featuredmedia":[{"embeddable":true,"href":"https:\/\/www.semanariolocal.cl\/index.php?rest_route=\/wp\/v2\/media\/19929"}],"wp:attachment":[{"href":"https:\/\/www.semanariolocal.cl\/index.php?rest_route=%2Fwp%2Fv2%2Fmedia&parent=19928"}],"wp:term":[{"taxonomy":"category","embeddable":true,"href":"https:\/\/www.semanariolocal.cl\/index.php?rest_route=%2Fwp%2Fv2%2Fcategories&post=19928"},{"taxonomy":"post_tag","embeddable":true,"href":"https:\/\/www.semanariolocal.cl\/index.php?rest_route=%2Fwp%2Fv2%2Ftags&post=19928"}],"curies":[{"name":"wp","href":"https:\/\/api.w.org\/{rel}","templated":true}]}}