{"id":19925,"date":"2024-03-12T21:02:23","date_gmt":"2024-03-13T00:02:23","guid":{"rendered":"https:\/\/www.semanariolocal.cl\/?p=19925"},"modified":"2024-03-12T21:02:23","modified_gmt":"2024-03-13T00:02:23","slug":"territorio-teatral-presenta-su-temporada-2024-con-obras-en-osorno-puerto-varas-y-hualaihue","status":"publish","type":"post","link":"https:\/\/www.semanariolocal.cl\/?p=19925","title":{"rendered":"Territorio Teatral presenta su temporada 2024 con Obras en Osorno, Puerto Varas y Hualaihu\u00e9"},"content":{"rendered":"\n<p>Las obras \u201cCatedral\u201d de la Compa\u00f1\u00eda \u201cLa Primavera In\u00fatil\u201d, \u201c\u00bfD\u00f3nde Est\u00e1n Las Flores? de \u201cLa Navegante\u201d y \u201cDetenidxs\u201d de \u201cDescolgados Teatro\u201d se presentar\u00e1n en diversos puntos de la Regi\u00f3n de Los Lagos, tras ser parte del Festival \u201cNuevas Creaciones\u201d en Puerto Montt a fines del mes de Enero, con la colaboraci\u00f3n del Programa de Apoyo a Organizaciones Culturales Colaboradoras (PAOCC) del Ministerio de Culturas, las Artes y el Patrimonio y de la Corporaci\u00f3n Cultural de Puerto Montt<\/p>\n\n\n\n<p>El co Director de Territorio Teatral, Fernando Araneda destac\u00f3 el trabajo de la Fundaci\u00f3n por acercar estos relatos locales al p\u00fablico de las Provincias de Osorno, Llanquihue y Palena.<\/p>\n\n\n\n<p><em>\u201cLa l\u00ednea de circulaci\u00f3n de Territorio Teatral busca dar continuidad a la exhibici\u00f3n de obras creadas y producidas aqu\u00ed en la Regi\u00f3n.<\/em><\/p>\n\n\n\n<p><em>Este a\u00f1o circular\u00e1n los tres montajes que participaron en el Festival \u201cNuevas Creaciones\u201d y se presentar\u00e1n en el Teatro Municipal de Osorno en mayo, en el Centro de Arte Molino Machmar en agosto y en la Sede Vecinal de Contao en septiembre, generando acceso a aquellas personas que habitan en lugares en donde no frecuentemente circulan obras de teatro.\u201d<\/em><\/p>\n\n\n\n<p>El recorrido de estas obras comenzar\u00e1 durante el mes de Mayo en Osorno con las presentaciones de \u201cDetenidos\u201d y \u201cCatedral\u201d, mientras que en Agosto ser\u00e1 el turno de \u201cDetenidos\u201d y \u201c\u00bfD\u00f3nde Est\u00e1n las Flores? en el Molino Machmar de Puerto Varas&nbsp;<\/p>\n\n\n\n<p>El recorrido finaliza en Septiembre, en el marco del \u201cMes de la Memoria\u201d con presentaciones gratuitas de \u201cD\u00f3nde Est\u00e1n Las Flores\u201d y \u201cDetenidos\u201d en el sector de Contao en la comuna de Hualaihu\u00e9.<\/p>\n\n\n\n<p><strong>Las obras que son parte de la Cartelera de Territorio Teatral para el 2024<\/strong><\/p>\n\n\n\n<p>\u201cCatedral\u201d de la Compa\u00f1\u00eda \u201cLa Primavera In\u00fatil\u201d fue la ganadora del \u00faltimo Festival \u201cNuevas Creaciones\u201d y su relato se centra en medio del Estallido Social del 2019 en donde el abogado Virgilio Mar\u00edn llega desde Suecia a Puerto Montt a investigar el tr\u00e1fico de ni\u00f1as mapuche en Dictadura.&nbsp;<\/p>\n\n\n\n<p>Una vez en la ciudad, decide colaborar en la defensa del joven \u201cF\u201d, preso pol\u00edtico de la revuelta, acusado de incendio y hurto en la Catedral de la ciudad.En su investigaci\u00f3n, se encuentra con secretos y dolores de su propia infancia.<\/p>\n\n\n\n<p>\u201c\u00bfD\u00f3nde Est\u00e1n Las Flores?\u201d de la Compa\u00f1\u00eda \u201cLa Navegante\u201d de Castro\u201d, trata sobre Mar\u00eda Aurora Ag\u00fcero costurera de la comuna de Castro, quien camina los d\u00edas entre el recuerdo de su madre en Porvenir y la radio que acompa\u00f1a las tardes con los mensajes y relatos de lejan\u00eda, con un foco en los diversos aspectos de la migraci\u00f3n chilota y el efecto en las familias.<\/p>\n\n\n\n<p>\u201cDetenidxs\u201d de la Compa\u00f1\u00eda \u201cDescolgados Teatro\u201d es un ejercicio de memoria reconstituida. A trav\u00e9s de un conjunto de poemas y relatos de familiares, se exploran los d\u00edas de Andr\u00e9s G\u00f3mez Toledo, posterior al Golpe de Estado.<\/p>\n\n\n\n<p>\u201cDetenidxs\u201d, es un unipersonal interpretado por la actriz Macarena Gonz\u00e1lez que se sit\u00faa en el d\u00eda de la detenci\u00f3n de Andr\u00e9s y que busca reconstruir su memoria, desentra\u00f1ar su sensibilidad y su obra a partir de sus escritos po\u00e9ticos y su m\u00fasica. La detenci\u00f3n, la tortura y el exilio de un puertomontino.<\/p>\n","protected":false},"excerpt":{"rendered":"<p>Con un amplio despliegue en diversos puntos de la Regi\u00f3n de los Lagos y con un foco en acercar historias de elencos locales, Territorio Teatral anuncia su cartelera para este a\u00f1o.<\/p>\n","protected":false},"author":1,"featured_media":19926,"comment_status":"closed","ping_status":"closed","sticky":false,"template":"","format":"standard","meta":{"footnotes":""},"categories":[3,2691,10,2483],"tags":[2118,107,337,273,247,133,298],"class_list":["post-19925","post","type-post","status-publish","format-standard","has-post-thumbnail","hentry","category-al-dia","category-arte","category-cultura","category-region","tag-semanariolocal","tag-cultura","tag-informacion","tag-noticias","tag-region-de-los-lagos","tag-semanario-local","tag-teatro"],"_links":{"self":[{"href":"https:\/\/www.semanariolocal.cl\/index.php?rest_route=\/wp\/v2\/posts\/19925","targetHints":{"allow":["GET"]}}],"collection":[{"href":"https:\/\/www.semanariolocal.cl\/index.php?rest_route=\/wp\/v2\/posts"}],"about":[{"href":"https:\/\/www.semanariolocal.cl\/index.php?rest_route=\/wp\/v2\/types\/post"}],"author":[{"embeddable":true,"href":"https:\/\/www.semanariolocal.cl\/index.php?rest_route=\/wp\/v2\/users\/1"}],"replies":[{"embeddable":true,"href":"https:\/\/www.semanariolocal.cl\/index.php?rest_route=%2Fwp%2Fv2%2Fcomments&post=19925"}],"version-history":[{"count":1,"href":"https:\/\/www.semanariolocal.cl\/index.php?rest_route=\/wp\/v2\/posts\/19925\/revisions"}],"predecessor-version":[{"id":19927,"href":"https:\/\/www.semanariolocal.cl\/index.php?rest_route=\/wp\/v2\/posts\/19925\/revisions\/19927"}],"wp:featuredmedia":[{"embeddable":true,"href":"https:\/\/www.semanariolocal.cl\/index.php?rest_route=\/wp\/v2\/media\/19926"}],"wp:attachment":[{"href":"https:\/\/www.semanariolocal.cl\/index.php?rest_route=%2Fwp%2Fv2%2Fmedia&parent=19925"}],"wp:term":[{"taxonomy":"category","embeddable":true,"href":"https:\/\/www.semanariolocal.cl\/index.php?rest_route=%2Fwp%2Fv2%2Fcategories&post=19925"},{"taxonomy":"post_tag","embeddable":true,"href":"https:\/\/www.semanariolocal.cl\/index.php?rest_route=%2Fwp%2Fv2%2Ftags&post=19925"}],"curies":[{"name":"wp","href":"https:\/\/api.w.org\/{rel}","templated":true}]}}