{"id":19922,"date":"2024-03-12T20:59:05","date_gmt":"2024-03-12T23:59:05","guid":{"rendered":"https:\/\/www.semanariolocal.cl\/?p=19922"},"modified":"2024-03-12T20:59:05","modified_gmt":"2024-03-12T23:59:05","slug":"denuncian-en-comision-de-salud-caos-por-ausencia-de-oncologo-en-magallanes","status":"publish","type":"post","link":"https:\/\/www.semanariolocal.cl\/?p=19922","title":{"rendered":"Denuncian en comisi\u00f3n de Salud caos por ausencia de onc\u00f3logo en Magallanes"},"content":{"rendered":"\n<p>Son al menos 300 los pacientes afectados por la ausencia de un onc\u00f3logo en Magallanes, una crisis de especialistas que ha generado un gran caos en la atenci\u00f3n y tratamiento de personas afectadas por c\u00e1ncer. Por esta raz\u00f3n, este martes el diputado Christian Matheson elev\u00f3 esta problem\u00e1tica a la comisi\u00f3n de Salud de la C\u00e1mara de Diputados.<\/p>\n\n\n\n<p>Junto a los diputados, Dr. Enrique Lee (Arica), Dra. Marta Bravo (\u00d1uble), Sof\u00eda Cid (Atacama), Marcia Raphael (Ays\u00e9n), ingresaron un oficio dirigido a la presidenta de la comisi\u00f3n de Salud para que, a trav\u00e9s de su intermedio, se cite a la instancia a la ministra Ximena Aguilera para que explique la situaci\u00f3n en que se encuentran estas regiones.<\/p>\n\n\n\n<p>Al respecto, el diputado Christian Matheson, se\u00f1al\u00f3 que \u201cHemos enviado un oficio para citar a la ministra de Salud y d\u00e9 las explicaciones correspondientes por la falta de especialistas en nuestra regi\u00f3n, situaci\u00f3n que se repite en otras zonas de Chile\u201d y enfatiz\u00f3 que \u201clos pacientes no pueden seguir esperando porque es un derecho universal contar con atenci\u00f3n y un tratamiento adecuado\u201d.<\/p>\n\n\n\n<p>\u201cEstoy al tanto, de las diversas estrategias que ha implementado el Hospital Cl\u00ednico y el Servicio de Salud de Magallanes para la continuidad de la atenci\u00f3n. Sin embargo, el tiempo avanza y los pacientes oncol\u00f3gicos se merecen respeto y prioridad, por parte de las autoridades del ministerio\u201d, recalc\u00f3 el legislador.<\/p>\n\n\n\n<p>Matheson, adem\u00e1s, explic\u00f3 que \u201cEn Santiago hay m\u00e1s de 100 de onc\u00f3logos y es de conocimiento p\u00fablico la falta de especialistas en nuestro pa\u00eds, pero ante esta realidad el gobierno necesita tomar acciones concretas\u201d.<\/p>\n\n\n\n<p>Para finalizar, el parlamentario magall\u00e1nico, dijo que \u201cEs conocido que muchos de estos especialistas prefieren ejercer en Santiago por una mayor oferta y flujo de pacientes, por lo mismo, no suena descabellado pensar en dar a los especialistas incentivos y beneficios especiales para que a \u00e9stos les parezca atractivo quedarse en nuestra regi\u00f3n\u201d.<\/p>\n","protected":false},"excerpt":{"rendered":"<p>Diputado Christian Matheson junto a diputados de otras cuatro regiones del pa\u00eds oficiaron a la ministra de Salud Ximena Aguilera, debido a la grave crisis de especialistas enfatizando que \u201clos pacientes oncol\u00f3gicos merecen respeto y prioridad\u201d. <\/p>\n","protected":false},"author":1,"featured_media":19923,"comment_status":"closed","ping_status":"closed","sticky":false,"template":"","format":"standard","meta":{"footnotes":""},"categories":[6,2483,2484],"tags":[2118,2728,337,1108,273,2815,2167,247,56,133],"class_list":["post-19922","post","type-post","status-publish","format-standard","has-post-thumbnail","hentry","category-politica","category-region","category-salud","tag-semanariolocal","tag-especialistas","tag-informacion","tag-magallanes","tag-noticias","tag-oncologo","tag-parlamentario","tag-region-de-los-lagos","tag-salud","tag-semanario-local"],"_links":{"self":[{"href":"https:\/\/www.semanariolocal.cl\/index.php?rest_route=\/wp\/v2\/posts\/19922","targetHints":{"allow":["GET"]}}],"collection":[{"href":"https:\/\/www.semanariolocal.cl\/index.php?rest_route=\/wp\/v2\/posts"}],"about":[{"href":"https:\/\/www.semanariolocal.cl\/index.php?rest_route=\/wp\/v2\/types\/post"}],"author":[{"embeddable":true,"href":"https:\/\/www.semanariolocal.cl\/index.php?rest_route=\/wp\/v2\/users\/1"}],"replies":[{"embeddable":true,"href":"https:\/\/www.semanariolocal.cl\/index.php?rest_route=%2Fwp%2Fv2%2Fcomments&post=19922"}],"version-history":[{"count":1,"href":"https:\/\/www.semanariolocal.cl\/index.php?rest_route=\/wp\/v2\/posts\/19922\/revisions"}],"predecessor-version":[{"id":19924,"href":"https:\/\/www.semanariolocal.cl\/index.php?rest_route=\/wp\/v2\/posts\/19922\/revisions\/19924"}],"wp:featuredmedia":[{"embeddable":true,"href":"https:\/\/www.semanariolocal.cl\/index.php?rest_route=\/wp\/v2\/media\/19923"}],"wp:attachment":[{"href":"https:\/\/www.semanariolocal.cl\/index.php?rest_route=%2Fwp%2Fv2%2Fmedia&parent=19922"}],"wp:term":[{"taxonomy":"category","embeddable":true,"href":"https:\/\/www.semanariolocal.cl\/index.php?rest_route=%2Fwp%2Fv2%2Fcategories&post=19922"},{"taxonomy":"post_tag","embeddable":true,"href":"https:\/\/www.semanariolocal.cl\/index.php?rest_route=%2Fwp%2Fv2%2Ftags&post=19922"}],"curies":[{"name":"wp","href":"https:\/\/api.w.org\/{rel}","templated":true}]}}