{"id":19786,"date":"2024-03-05T10:36:00","date_gmt":"2024-03-05T13:36:00","guid":{"rendered":"https:\/\/www.semanariolocal.cl\/?p=19786"},"modified":"2024-03-05T22:42:15","modified_gmt":"2024-03-06T01:42:15","slug":"diputado-ramirez-discusion-de-proyecto-anti-evasion-y-antielusion-requiere-de-mas-tiempo","status":"publish","type":"post","link":"https:\/\/www.semanariolocal.cl\/?p=19786","title":{"rendered":"Diputado Ram\u00edrez: Discusi\u00f3n de Proyecto anti evasi\u00f3n y antielusi\u00f3n requiere de m\u00e1s tiempo"},"content":{"rendered":"\n<p>De \u201cinsuficiente\u201d calific\u00f3 el  diputado Guillermo Ram\u00edrez, el tiempo que pretende utilizar el Gobierno para tramitar el proyecto de anti evasi\u00f3n y elusi\u00f3n tributaria.<\/p>\n\n\n\n<p>Y es que a juicio del integrante de la comisi\u00f3n de Hacienda \u201cnosotros compartimos la necesidad de tener herramientas modernas para evitar la evasi\u00f3n tributaria, sin embargo, lo \u00fanico que le hemos pedido al gobierno es que nos d\u00e9 el tiempo suficiente para tener una buena discusi\u00f3n ac\u00e1 en la C\u00e1mara de Diputados, dos, tres semanas, no cinco d\u00edas como ellos pretenden\u201d.<\/p>\n\n\n\n<p>\u201cEstamos de acuerdo que si hay un impuesto que se establece por ley, todos tienen que pagarlo, sea este un impuesto para las grandes empresas, para las personas o tambi\u00e9n el IVA\u201d, argument\u00f3 el parlamentario gremialista.<\/p>\n\n\n\n<p>Esto, explic\u00f3 Ram\u00edrez, porque \u201csi le vamos a dar m\u00e1s herramientas al Servicio de Impuestos Internos, tenemos que modernizarlo y ponerlo a la altura de otros pa\u00edses del mundo, en el que el director de esta instituci\u00f3n no sea nombramiento pol\u00edtico, sino que es un nombramiento que a veces se confirma por el Senado, otras veces puede ser un \u00f3rgano colegiado, pero no como ocurre como en Chile, que es un cargo de exclusiva confianza del Presidente de la Rep\u00fablica\u201d.<\/p>\n\n\n\n<p>\u201cMe parece que en un tema tan complejo, pedirle a un experto que venga ma\u00f1ana, y a otro que venga pasado ma\u00f1ana, y luego el lunes votar en general o en particular, no es tramitar este proyecto con el tiempo que amerita\u201d, argument\u00f3 el parlamentario<\/p>\n\n\n\n<p>Finalmente, el diputado Guillermo Ram\u00edrez insisti\u00f3 en que el &nbsp;proyecto de anti evasi\u00f3n y elusi\u00f3n es fundamental para el futuro del pa\u00eds, pero asegur\u00f3 \u201csi hacemos una iniciativa de esta \u00edndole debemos hacerla bien desde un principio\u201d, sentenci\u00f3.<\/p>\n","protected":false},"excerpt":{"rendered":"<p>El parlamentario integrante de la comisi\u00f3n de Hacienda pidi\u00f3 tiempo suficiente para tener una buena discusi\u00f3n en la C\u00e1mara de Diputados.<\/p>\n","protected":false},"author":1,"featured_media":19787,"comment_status":"closed","ping_status":"closed","sticky":false,"template":"","format":"standard","meta":{"footnotes":""},"categories":[2496,6],"tags":[2118,337,273,247,133],"class_list":["post-19786","post","type-post","status-publish","format-standard","has-post-thumbnail","hentry","category-nacional","category-politica","tag-semanariolocal","tag-informacion","tag-noticias","tag-region-de-los-lagos","tag-semanario-local"],"_links":{"self":[{"href":"https:\/\/www.semanariolocal.cl\/index.php?rest_route=\/wp\/v2\/posts\/19786","targetHints":{"allow":["GET"]}}],"collection":[{"href":"https:\/\/www.semanariolocal.cl\/index.php?rest_route=\/wp\/v2\/posts"}],"about":[{"href":"https:\/\/www.semanariolocal.cl\/index.php?rest_route=\/wp\/v2\/types\/post"}],"author":[{"embeddable":true,"href":"https:\/\/www.semanariolocal.cl\/index.php?rest_route=\/wp\/v2\/users\/1"}],"replies":[{"embeddable":true,"href":"https:\/\/www.semanariolocal.cl\/index.php?rest_route=%2Fwp%2Fv2%2Fcomments&post=19786"}],"version-history":[{"count":1,"href":"https:\/\/www.semanariolocal.cl\/index.php?rest_route=\/wp\/v2\/posts\/19786\/revisions"}],"predecessor-version":[{"id":19788,"href":"https:\/\/www.semanariolocal.cl\/index.php?rest_route=\/wp\/v2\/posts\/19786\/revisions\/19788"}],"wp:featuredmedia":[{"embeddable":true,"href":"https:\/\/www.semanariolocal.cl\/index.php?rest_route=\/wp\/v2\/media\/19787"}],"wp:attachment":[{"href":"https:\/\/www.semanariolocal.cl\/index.php?rest_route=%2Fwp%2Fv2%2Fmedia&parent=19786"}],"wp:term":[{"taxonomy":"category","embeddable":true,"href":"https:\/\/www.semanariolocal.cl\/index.php?rest_route=%2Fwp%2Fv2%2Fcategories&post=19786"},{"taxonomy":"post_tag","embeddable":true,"href":"https:\/\/www.semanariolocal.cl\/index.php?rest_route=%2Fwp%2Fv2%2Ftags&post=19786"}],"curies":[{"name":"wp","href":"https:\/\/api.w.org\/{rel}","templated":true}]}}