{"id":19624,"date":"2024-02-16T12:27:01","date_gmt":"2024-02-16T15:27:01","guid":{"rendered":"https:\/\/www.semanariolocal.cl\/?p=19624"},"modified":"2024-02-16T12:27:02","modified_gmt":"2024-02-16T15:27:02","slug":"investigadores-ulagos-adjudican-importante-ejecucion-de-proyectos-fondecyt","status":"publish","type":"post","link":"https:\/\/www.semanariolocal.cl\/?p=19624","title":{"rendered":"Investigadores Ulagos Adjudican importante ejecuci\u00f3n de proyectos Fondecyt"},"content":{"rendered":"\n<p>En este contexto, dos investigaciones Fondecyt Regular hacen referencia a estudios ligados a la m\u00fasica y educaci\u00f3n, donde se trabajar\u00e1 en representaciones territoriales emergentes en la m\u00fasica popular del sur de Chile, y junto a ello, se estudiar\u00e1n aspectos sobre la formaci\u00f3n del profesorado de Educaci\u00f3n F\u00edsica en la macrozona sur, con \u00e9nfasis en estudiantes extranjeros.<\/p>\n\n\n\n<p>El docente y acad\u00e9mico Ulagos, Dr. Basti\u00e1n Carter se adjudic\u00f3 el proyecto \u201cImpacto de la \u00abpol\u00edtica nacional de estudiantes extranjeros\u00bb y las \u00aborientaciones t\u00e9cnicas para la inclusi\u00f3n educativa de estudiantes extranjeros\u00bb sobre la formaci\u00f3n del profesorado de Educaci\u00f3n F\u00edsica (EF) en la macrozona sur de Chile\u201d, estudio que abordar\u00e1 casos en tres campus universitarios de la macrozona sur del pa\u00eds, participando estudiantes de pedagog\u00eda en EF, acad\u00e9micos(as) que realizan clases a dichos estudiantes, directores(as) de carrera y egresados.<\/p>\n\n\n\n<p>\u201cCon este proyecto buscamos evaluar el impacto de la Pol\u00edtica nacional de estudiantes extranjeros (PNEE) y las y las Orientaciones t\u00e9cnicas para la inclusi\u00f3n educativa de estudiantes extranjeros (OTIEE) sobre la formaci\u00f3n docente en el campo de la EF, lo que supone un estudio in\u00e9dito a nivel nacional. Esto implica que la ejecuci\u00f3n del presente proyecto permitir\u00e1 superar un vac\u00edo de conocimiento al respecto. Sin embargo, dada la relevancia educativa, sociocultural y pol\u00edtica de la tem\u00e1tica investigada, se espera que los resultados de esta investigaci\u00f3n no s\u00f3lo respondan a interrogantes intelectuales y epistemol\u00f3gicas, sino que tambi\u00e9n representen un aporte para la realidad particular de la macrozona sur, la formaci\u00f3n docente y la mejora permanente de las pol\u00edticas p\u00fablicas en materia educativa\u201d, comenta el Dr. Carter.<\/p>\n\n\n\n<p>Por otra parte, est\u00e1 el proyecto \u201cRepresentaciones territoriales emergentes en la m\u00fasica popular del sur de Chile\u201d, a cargo del Acad\u00e9mico del Departamento de Humanidades y Artes, Dr. Ignacio Soto, iniciativa que aborda las relaciones entre las pr\u00e1cticas musicales y el territorio en el cual estas se encuentran emplazadas. El proyecto se desarrollar\u00e1 en las ciudades de Temuco, Valdivia, Osorno, Puerto Montt, Coyhaique y Punta Arenas, lugares en que se realizar\u00e1 un trabajo de recolecci\u00f3n documental y una etnograf\u00eda con bandas que incluyan cuestiones territoriales en su producci\u00f3n musical.<\/p>\n\n\n\n<p>\u201cA trav\u00e9s de esta investigaci\u00f3n buscamos generar conocimientos que nos permitan comprender de mejor forma las implicaciones del territorio en los cuales los m\u00fasicos\/as desarrollan sus trabajos creativos. El proyecto considera tres etapas: fase exploratoria (a\u00f1o uno), dial\u00f3gica (a\u00f1os dos y tres) y hermen\u00e9utica (a\u00f1o cuatro). Consideramos que la emergencia de estos discursos territoriales nos permitir\u00e1 conocer c\u00f3mo se relacionan los m\u00fasicos con las diversas espacialidades y el modo en que estas posibilitan constructos abstractos de mayor complejidad. De este modo, esperamos avanzar hacia un conocimiento m\u00e1s acabado sobre las implicancias de los espacios regionales en el desarrollo de la cultura y las pr\u00e1cticas musicales locales\u201d, puntualiza el Dr. Soto.<\/p>\n\n\n\n<p><strong>Proyectos Fondecyt de Iniciaci\u00f3n en Investigaci\u00f3n<\/strong><\/p>\n\n\n\n<p>En la l\u00ednea de proyectos Fondecyt de Iniciaci\u00f3n en Investigaci\u00f3n 2024, se encuentran dos trabajos, siendo el primero de ellos el que lleva por t\u00edtulo \u201cOtras rutas de la caca: una etnograf\u00eda del saneamiento dom\u00e9stico no convencional en la Regi\u00f3n de Los Lagos de Chile\u201d, a cargo de la acad\u00e9mica del Departamento de Ciencias Sociales de Ulagos, Dra. Natalia Picaroni, investigaci\u00f3n que busca comprender, a partir de una aproximaci\u00f3n etnogr\u00e1fica, experiencias de saneamiento no convencional que se est\u00e1n llevando a cabo a nivel dom\u00e9stico en la Regi\u00f3n de Los Lagos.<\/p>\n\n\n\n<p>Una serie importante de estudios, desde muy diversas disciplinas y geograf\u00edas, vienen se\u00f1alando que, a pesar de las inversiones y desarrollos tecnol\u00f3gicos dedicados en los \u00faltimos 150 a\u00f1os a mejorar el saneamiento convencional, este no resulta sustentable, ni siquiera cuando se dispone de recursos econ\u00f3micos y tecnol\u00f3gicos para operar de manera \u00f3ptima las plantas de tratamiento.<\/p>\n\n\n\n<p>\u201cEste proyecto postula que esas experiencias, en sus aciertos y errores, tienen un potencial para aportar en la b\u00fasqueda de alternativas para crear sistemas de saneamiento socionaturotecnol\u00f3gicos diversos, flexibles y adaptados, y comprender mejor la vida humana en sus imbricaciones simpoi\u00e9ticas. Desde una perspectiva antropol\u00f3gica, se interroga sobre las posibilidades y limitaciones de las experiencias a estudiar para la construcci\u00f3n de saberes, para la salud y la vida en un planeta da\u00f1ado\u201d, comenta la investigadora.<\/p>\n\n\n\n<p>Otro de los proyectos Fondecyt de Iniciaci\u00f3n en Investigaci\u00f3n 2024 es el que busca desde las matem\u00e1ticas generar conocimiento cient\u00edfico del m\u00e1s alto nivel que permita conocer al mayor detalle posible el comportamiento de los recursos h\u00eddricos disponibles y la manera de preservarlos a fin de ser un insumo para la toma de decisiones de forma sustentable.<\/p>\n\n\n\n<p>El proyecto, a cargo del Dr. Carlos Garc\u00eda, plantea que la mayor parte de la comunidad cient\u00edfica mundial ha alertado de que ya nuestro planeta pas\u00f3 la etapa de \u00abcalentamiento global\u00bb y ha entrado en una etapa de \u00abebullici\u00f3n global\u00bb, por diversos factores, como el aumento de las temperaturas as\u00ed como el ritmo alarmante de descenso de agua disponible, entre otros.<\/p>\n\n\n\n<p>\u201cEl objetivo principal de este proyecto es formular, analizar e implementar computacionalmente m\u00e9todos num\u00e9ricos, tanto del tipo Petrov-Galerkin Discontinuo con funciones test \u00f3ptimas, conocidos como m\u00e9todos DPG, como tambi\u00e9n m\u00e9todos de elementos finitos mixtos, para resolver computacionalmente y aproximadamente ecuaciones diferenciales parciales en modelos de contaminaci\u00f3n de aguas subterr\u00e1neas, as\u00ed como simular computacionalmente esos fen\u00f3menos de contaminaci\u00f3n\u201d, explica el investigador.<\/p>\n\n\n\n<p>El vicerrector de Investigaci\u00f3n y Postgrado, Dr. \u00d3scar D\u00edaz, se manifest\u00f3 muy contento por el nivel de investigaciones adjudicadas, ya que se demuestra la capacidad que posee actualmente Ulagos en el contexto regional y nacional para asumir estos estudios. \u201cLa adjudicaci\u00f3n de proyectos Fondecyt 2024, en sus l\u00edneas Regular, Iniciaci\u00f3n en Investigaci\u00f3n y Postdoctorado, son un gran hito para nuestra casa de estudios, puesto que se ven involucradas diversas \u00e1reas del conocimiento, siendo trabajos que contribuir\u00e1n a al desarrollo de diversas materias, todo desde una perspectiva universitaria regional\u201d, concluye el Dr. Oscar D\u00edaz.<\/p>\n","protected":false},"excerpt":{"rendered":"<p>Una serie de proyectos Fondecyt 2024, en sus l\u00edneas Regular, Iniciaci\u00f3n en Investigaci\u00f3n y Postdoctorado fueron adjudicados recientemente a investigadores de la Universidad de Los Lagos, en el marco de los concursos nacionales de la Agencia Nacional de Investigaci\u00f3n y Desarrollo, ANID, los cuales en esta oportunidad resaltan estudios en ciencias, educaci\u00f3n, ciencias exactas, ciencias sociales y m\u00fasica.<\/p>\n","protected":false},"author":1,"featured_media":19625,"comment_status":"closed","ping_status":"closed","sticky":false,"template":"","format":"standard","meta":{"footnotes":""},"categories":[3,2540,11,2541],"tags":[2118,337,273,132,247,133,656,297],"class_list":["post-19624","post","type-post","status-publish","format-standard","has-post-thumbnail","hentry","category-al-dia","category-ciencia","category-educacion","category-investigacion","tag-semanariolocal","tag-informacion","tag-noticias","tag-osorno","tag-region-de-los-lagos","tag-semanario-local","tag-ula","tag-universidad-de-los-lagos"],"_links":{"self":[{"href":"https:\/\/www.semanariolocal.cl\/index.php?rest_route=\/wp\/v2\/posts\/19624","targetHints":{"allow":["GET"]}}],"collection":[{"href":"https:\/\/www.semanariolocal.cl\/index.php?rest_route=\/wp\/v2\/posts"}],"about":[{"href":"https:\/\/www.semanariolocal.cl\/index.php?rest_route=\/wp\/v2\/types\/post"}],"author":[{"embeddable":true,"href":"https:\/\/www.semanariolocal.cl\/index.php?rest_route=\/wp\/v2\/users\/1"}],"replies":[{"embeddable":true,"href":"https:\/\/www.semanariolocal.cl\/index.php?rest_route=%2Fwp%2Fv2%2Fcomments&post=19624"}],"version-history":[{"count":1,"href":"https:\/\/www.semanariolocal.cl\/index.php?rest_route=\/wp\/v2\/posts\/19624\/revisions"}],"predecessor-version":[{"id":19626,"href":"https:\/\/www.semanariolocal.cl\/index.php?rest_route=\/wp\/v2\/posts\/19624\/revisions\/19626"}],"wp:featuredmedia":[{"embeddable":true,"href":"https:\/\/www.semanariolocal.cl\/index.php?rest_route=\/wp\/v2\/media\/19625"}],"wp:attachment":[{"href":"https:\/\/www.semanariolocal.cl\/index.php?rest_route=%2Fwp%2Fv2%2Fmedia&parent=19624"}],"wp:term":[{"taxonomy":"category","embeddable":true,"href":"https:\/\/www.semanariolocal.cl\/index.php?rest_route=%2Fwp%2Fv2%2Fcategories&post=19624"},{"taxonomy":"post_tag","embeddable":true,"href":"https:\/\/www.semanariolocal.cl\/index.php?rest_route=%2Fwp%2Fv2%2Ftags&post=19624"}],"curies":[{"name":"wp","href":"https:\/\/api.w.org\/{rel}","templated":true}]}}