{"id":19607,"date":"2024-02-13T13:28:53","date_gmt":"2024-02-13T16:28:53","guid":{"rendered":"https:\/\/www.semanariolocal.cl\/?p=19607"},"modified":"2024-02-13T13:28:54","modified_gmt":"2024-02-13T16:28:54","slug":"dt-los-lagos-suspenden-labores-de-14-ninos-ninas-y-adolescentes-en-circo-en-puerto-montt","status":"publish","type":"post","link":"https:\/\/www.semanariolocal.cl\/?p=19607","title":{"rendered":"DT Los Lagos suspenden labores de 14 ni\u00f1os, ni\u00f1as y adolescentes en circo en Puerto Montt"},"content":{"rendered":"\n<p>En un trabajo mancomunado e intersectorial, el seremi del Trabajo y Previsi\u00f3n Social, Ricardo Ebner Torres, junto al director regional del Trabajo, Claudio Salas, y Carabineros de Chile, encabezaron un proceso de fiscalizaci\u00f3n a un circo, ubicado en el sector La Paloma, en Puerto Montt, tras recibir una alerta por parte de la Subsecretar\u00eda de la Ni\u00f1ez Los Lagos, indicando una presunta vulneraci\u00f3n de derechos laborales. La denuncia se\u00f1alaba la presencia de un gran n\u00famero de ni\u00f1os y ni\u00f1as, algunos de apenas 5 a\u00f1os de edad, realizando actividades potencialmente peligrosas, durante horarios laborales permanentes.<\/p>\n\n\n\n<p>Ante esta situaci\u00f3n, se despleg\u00f3 una acci\u00f3n inmediata con el objetivo de fiscalizar el cumplimiento de la normativa laboral y proteger los derechos de los ni\u00f1os, ni\u00f1as y adolescentes involucrados en el trabajo circense.<\/p>\n\n\n\n<p>Actualmente, la normativa laboral regula el trabajo de ni\u00f1os, ni\u00f1as y adolescentes con el fin de que el contacto con el mundo del trabajo sea seguro y protegido; es por ello que se ha establecido que los ni\u00f1os y ni\u00f1as menores de 14 a\u00f1os no puedan trabajar, con excepci\u00f3n de espect\u00e1culos art\u00edsticos siempre y cuando se cumplan una serie de requisitos y resguardos (como contar con autorizaci\u00f3n de la madre y el padre o tutores, una autorizaci\u00f3n del Tribunal de Familia, que el trabajo no sea calificado como peligroso, entre otros).<\/p>\n\n\n\n<p>El seremi del Trabajo y Previsi\u00f3n Social, Ricardo Ebner Torres, inform\u00f3 que \u201cal conocer la situaci\u00f3n a trav\u00e9s de la Direcci\u00f3n Regional del Trabajo es que realizamos una visita inspectiva a la empresa Sociedad GH SPA, propietaria del \u2018Circo Los Trompitos\u2019. Durante la fiscalizaci\u00f3n, se verificaron diversas materias como contratos de trabajo, autorizaciones de madres, padres, y tribunales de familia, ante la Direcci\u00f3n del Trabajo, entre otros aspectos relacionados con la seguridad y bienestar de trabajadores y trabajadoras y ni\u00f1os, ni\u00f1as y adolescentes\u201d.<\/p>\n\n\n\n<p>El seremi Ebner, agreg\u00f3 que \u201cdurante el procedimiento, que se realiz\u00f3 en horas de la noche, la empresa no pudo acreditar el cumplimiento de la normativa laboral, lo que llev\u00f3 a la suspensi\u00f3n inmediata de todas las actividades circenses que involucraban a menores de edad, que en total son 14. Nosotros estamos ac\u00e1 con el objetivo de velar por los derechos de los ni\u00f1os, ni\u00f1as y adolescentes. Esa es nuestra motivaci\u00f3n.&nbsp; Queremos agradecer la colaboraci\u00f3n no s\u00f3lo de los fiscalizadores de la Inspecci\u00f3n Provincial del Trabajo, sino tambi\u00e9n la presencia de funcionarios y funcionarias de Carabineros de Chile para la realizaci\u00f3n efectiva de este proceso\u201d.<\/p>\n\n\n\n<p>En tanto, el director regional del Trabajo, Claudio Salas, explic\u00f3 que \u201cadem\u00e1s, se cit\u00f3 a la empresa para comparecer ante el organismo fiscalizador, donde podr\u00edan enfrentar multas de hasta 400 UTM en caso de no acreditar el cumplimiento de la normativa. Cabe destacar que el circo podr\u00eda continuar sus funciones y espect\u00e1culos, pero sin la participaci\u00f3n de los ni\u00f1os, ni\u00f1as y adolescentes\u201d.<\/p>\n\n\n\n<p>Posterior al proceso de fiscalizaci\u00f3n se enviaron los antecedentes a la Defensor\u00eda de la Ni\u00f1ez.<\/p>\n\n\n\n<p>La diligencia tambi\u00e9n cont\u00f3 con la colaboraci\u00f3n de la Delegaci\u00f3n Regional Presidencial, con el objetivo de prevenir y abordar posibles vulneraciones de derechos a ni\u00f1os, ni\u00f1as y adolescentes en otras esferas.<\/p>\n\n\n\n<p>En este contexto, la Subsecretaria del Trabajo, a trav\u00e9s del Comit\u00e9 Regional para la Erradicaci\u00f3n del Trabajo Infantil y la Protecci\u00f3n del Adolescente que Trabaja (CRETI), reafirma su compromiso con la protecci\u00f3n de los derechos de la infancia y la adolescencia, y continuar\u00e1 trabajando en conjunto con otras instituciones para garantizar un entorno seguro y propicio para el desarrollo de todos los ni\u00f1os y ni\u00f1as en Chile. Asimismo, invita a visitar el sitio web&nbsp;<a href=\"http:\/\/www.noaltrabajoinfantil.cl\/\" target=\"_blank\" rel=\"noreferrer noopener\">www.noaltrabajoinfantil.cl<\/a>, donde est\u00e1n disponible diferentes contenidos y recursos para abordar la erradicaci\u00f3n del trabajo infantil y promover los derechos fundamentales en el mundo laboral.<\/p>\n","protected":false},"excerpt":{"rendered":"<p>La fiscalizaci\u00f3n fue impulsada por el Comit\u00e9 Regional para la Erradicaci\u00f3n del Trabajo Infantil y la Protecci\u00f3n del Adolescente que Trabaja (CRETI)<\/p>\n","protected":false},"author":1,"featured_media":19608,"comment_status":"closed","ping_status":"closed","sticky":false,"template":"","format":"standard","meta":{"footnotes":""},"categories":[3,9],"tags":[2118,2361,337,273,247,133],"class_list":["post-19607","post","type-post","status-publish","format-standard","has-post-thumbnail","hentry","category-al-dia","category-gobierno","tag-semanariolocal","tag-circo","tag-informacion","tag-noticias","tag-region-de-los-lagos","tag-semanario-local"],"_links":{"self":[{"href":"https:\/\/www.semanariolocal.cl\/index.php?rest_route=\/wp\/v2\/posts\/19607","targetHints":{"allow":["GET"]}}],"collection":[{"href":"https:\/\/www.semanariolocal.cl\/index.php?rest_route=\/wp\/v2\/posts"}],"about":[{"href":"https:\/\/www.semanariolocal.cl\/index.php?rest_route=\/wp\/v2\/types\/post"}],"author":[{"embeddable":true,"href":"https:\/\/www.semanariolocal.cl\/index.php?rest_route=\/wp\/v2\/users\/1"}],"replies":[{"embeddable":true,"href":"https:\/\/www.semanariolocal.cl\/index.php?rest_route=%2Fwp%2Fv2%2Fcomments&post=19607"}],"version-history":[{"count":1,"href":"https:\/\/www.semanariolocal.cl\/index.php?rest_route=\/wp\/v2\/posts\/19607\/revisions"}],"predecessor-version":[{"id":19609,"href":"https:\/\/www.semanariolocal.cl\/index.php?rest_route=\/wp\/v2\/posts\/19607\/revisions\/19609"}],"wp:featuredmedia":[{"embeddable":true,"href":"https:\/\/www.semanariolocal.cl\/index.php?rest_route=\/wp\/v2\/media\/19608"}],"wp:attachment":[{"href":"https:\/\/www.semanariolocal.cl\/index.php?rest_route=%2Fwp%2Fv2%2Fmedia&parent=19607"}],"wp:term":[{"taxonomy":"category","embeddable":true,"href":"https:\/\/www.semanariolocal.cl\/index.php?rest_route=%2Fwp%2Fv2%2Fcategories&post=19607"},{"taxonomy":"post_tag","embeddable":true,"href":"https:\/\/www.semanariolocal.cl\/index.php?rest_route=%2Fwp%2Fv2%2Ftags&post=19607"}],"curies":[{"name":"wp","href":"https:\/\/api.w.org\/{rel}","templated":true}]}}