{"id":19592,"date":"2024-02-12T07:03:00","date_gmt":"2024-02-12T10:03:00","guid":{"rendered":"https:\/\/www.semanariolocal.cl\/?p=19592"},"modified":"2024-02-13T00:02:06","modified_gmt":"2024-02-13T03:02:06","slug":"entregan-equipos-en-hbo-para-diagnosticar-trastornos-respiratorios-del-sueno","status":"publish","type":"post","link":"https:\/\/www.semanariolocal.cl\/?p=19592","title":{"rendered":"Entregan equipos en HBO para diagnosticar trastornos respiratorios del sue\u00f1o\u00a0"},"content":{"rendered":"\n<p>Dentro de los trastornos del sue\u00f1o, el m\u00e1s frecuente en la poblaci\u00f3n es el S\u00edndrome de Apnea Obstructiva del Sue\u00f1o (SAOS), afectando al 5% de las mujeres y al 14% de los hombres y su manifestaci\u00f3n m\u00e1s com\u00fan es el ronquido intenso con pausas respiratorias. Es un trastorno ocasionado por el colapso repetido de la v\u00eda a\u00e9rea superior (VAS) a nivel de la faringe, que puede ser completo (apnea) o parcial (hipopnea). Como se traduce en un sue\u00f1o no reparador, se manifiesta con cansancio y\/o fatiga durante el d\u00eda, dificultades de concentraci\u00f3n, disminuci\u00f3n del estado de alerta, lo que lleva a aumento de riesgo de sufrir accidentes laborales o de tr\u00e1nsito en quienes lo padecen. Adem\u00e1s, se genera irritabilidad, s\u00edntomas depresivos, insomnio de conciliaci\u00f3n o despertar precoz principalmente en mujeres, cefalea matinal, disminuci\u00f3n de la l\u00edbido y nicturia.<\/p>\n\n\n\n<p>Estos componentes del s\u00edndrome contribuyen a las complicaciones de la apnea obstructiva del sue\u00f1o, que van desde una excesiva somnolencia diurna (s\u00edntoma cardinal de SAOS), efectos cardiovasculares, metab\u00f3licos, neurocognitivos, inflamatorios, entre otros. La enfermedad est\u00e1 asociada en gran proporci\u00f3n con obesidad, estim\u00e1ndose que el 60-90% de los casos de SAOS presentan dicha comorbilidad; esta asociaci\u00f3n ha significado que con el aumento de las tasas de obesidad en los \u00faltimos a\u00f1os se ha presentado tambi\u00e9n un aumento en los casos de SAOS. Otros factores de riesgo asociados al SAOS son: edad avanzada, sexo masculino, postmenopausia, circunferencia cervical mayor, anomal\u00edas craneofaciales (retrognatia, micrognatia), anomal\u00edas de la v\u00eda a\u00e9rea (macroglosia, am\u00edgdalas obstructivas), uso de alcohol o hipn\u00f3ticos.<\/p>\n\n\n\n<p>Entre las consecuencias del SAOS podemos encontrar su asociaci\u00f3n con hipertensi\u00f3n arterial (HTA) e HTA resistente, diabetes mellitus II, infarto al miocardio, arritmias, insuficiencia card\u00edaca, accidentes laborales y de tr\u00e1nsito, disminuci\u00f3n del rendimiento laboral, complicaciones postoperatorias y complicaciones materno-fetales, entre otras. A pesar de esto, se estima que cerca del 80% de los casos no es diagnosticado.<\/p>\n\n\n\n<p>Es por ello que, desde el Programa de Salud Respiratoria, dependiente del Departamento de Articulaci\u00f3n de la Red Asistencial (DARA) del Servicio de Salud Osorno, se gestionaron recursos para la adquisici\u00f3n de estos equipos.<\/p>\n\n\n\n<p>La entrega formal al establecimiento de alta complejidad de la provincia se realiz\u00f3 por parte del Director del SSO, Rodrigo Alarc\u00f3n, al Director (s) del Hospital Base de Osorno, Ignacio Cabero, acompa\u00f1ados de directivos de la instituci\u00f3n. En la oportunidad, se entreg\u00f3 un Pol\u00edgrafo Respiratorio marca Resmed, modelo Apnea Link Air y un equipo AUTOCPAP marca Philips Respironics, modelo Dreamstation, cuya inversi\u00f3n alcanz\u00f3 a cerca de 2 millones y medio de pesos, los cuales lograr\u00e1n beneficiar a 200 usuarios (as) en Lista de Espera de poligraf\u00eda respiratoria y a 90 usuarios (as) en espera de titulaci\u00f3n de CPAP (presi\u00f3n positiva continua en la v\u00eda a\u00e9rea).<\/p>\n\n\n\n<p>El Director del SSO, Rodrigo Alarc\u00f3n, destac\u00f3 que \u201ctenemos una lista de espera de 200 pacientes para obtener diagn\u00f3stico por trastornos del sue\u00f1o, por lo que primero debemos reconocer el esfuerzo del Dr. Francisco Cano en relevar este problema, lo que ha rendido frutos y a trav\u00e9s de nuestro Servicio realizamos las gestiones para adquirir los equipamientos; en una primera etapa esto\/as usuario\/as que est\u00e1n en lista de espera para diagn\u00f3stico, podr\u00e1n acceder a esta evaluaci\u00f3n para confirmar su diagn\u00f3stico y luego, como segunda etapa, una vez ya confirmados, se podr\u00e1 establecer con el equipo AUTOCPAP, las presiones necesarias que requiere la v\u00eda a\u00e9rea para mantenerse estable durante el sue\u00f1o, evitando el colapso que se traduce en ronquido, pausas respiratorias, lo que altera la calidad del sue\u00f1o, el buen descanso para el usuario\/a, por lo que al d\u00eda siguiente sienten dolor de cabeza, somnolencia y fatiga, disminuci\u00f3n de la concentraci\u00f3n, lo que influye en su productividad y genera riesgos de accidentes y descompensaciones de algunas condiciones de base como hipertensi\u00f3n, entre otras. Esto se corrige a trav\u00e9s del tratamiento, el que consiste en la entrega de un ventilador mec\u00e1nico de presi\u00f3n positiva al paciente, que es bastante simple, y contribuye a mejorar su calidad de vida y mejora la sobrevida\u201d.<\/p>\n\n\n\n<p>El Director del SSO agreg\u00f3 que \u201ceste es un problema emergente en la sociedad, en el caso de la apnea del sue\u00f1o, relacionado entre otras cosas con el sobrepeso y este con la diabetes, hipertensi\u00f3n y problemas endocrinos, lo cual es una cadena vinculada con la alimentaci\u00f3n y el sedentarismo que provoca da\u00f1o en la salud de la poblaci\u00f3n; por ello, es importante conocer este trastorno y tratarlo, para mejorar la calidad de vida, lo que hoy en d\u00eda est\u00e1 haciendo el HBSJO, con un esfuerzo continuo, y considerar que cada vez ir\u00e1n apareciendo m\u00e1s pacientes con este problema emergente asociado a nuestros estilos de vida que es finalmente resuelto desde el \u00e1mbito m\u00e9dico\u201d.<\/p>\n\n\n\n<p>Por su parte, el Dr. Francisco Cano, de la especialidad broncopulmonar del HBSJO se\u00f1al\u00f3 que \u201cestos equipos permiten duplicar la capacidad diagn\u00f3stica de la apnea del sue\u00f1o y tambi\u00e9n de otros trastornos respiratorios de pacientes con enfermedades neuromusculares y entramos a avanzar en la posibilidad de ofrecerles tratamiento en alg\u00fan momento; con el diagn\u00f3stico ahora s\u00ed podemos duplicar la capacidad, considerando una brecha de 200 pacientes, ya que este a\u00f1o tenemos 20 ex\u00e1menes registrados; estamos muy contentos de haber recibido estos nuevos recursos\u201d.<\/p>\n","protected":false},"excerpt":{"rendered":"<p>El Servicio de Salud Osorno (SSO) hizo entrega oficial al Hospital Base San Jos\u00e9 Osorno (HBSJO) de dos nuevos equipos m\u00e9dicos que permitir\u00e1n realizar diagn\u00f3sticos de distintos trastornos o alteraciones respiratorias que ocurren durante el sue\u00f1o (TRS).<\/p>\n","protected":false},"author":1,"featured_media":19593,"comment_status":"closed","ping_status":"closed","sticky":false,"template":"","format":"standard","meta":{"footnotes":""},"categories":[2484],"tags":[337,273,247,133],"class_list":["post-19592","post","type-post","status-publish","format-standard","has-post-thumbnail","hentry","category-salud","tag-informacion","tag-noticias","tag-region-de-los-lagos","tag-semanario-local"],"_links":{"self":[{"href":"https:\/\/www.semanariolocal.cl\/index.php?rest_route=\/wp\/v2\/posts\/19592","targetHints":{"allow":["GET"]}}],"collection":[{"href":"https:\/\/www.semanariolocal.cl\/index.php?rest_route=\/wp\/v2\/posts"}],"about":[{"href":"https:\/\/www.semanariolocal.cl\/index.php?rest_route=\/wp\/v2\/types\/post"}],"author":[{"embeddable":true,"href":"https:\/\/www.semanariolocal.cl\/index.php?rest_route=\/wp\/v2\/users\/1"}],"replies":[{"embeddable":true,"href":"https:\/\/www.semanariolocal.cl\/index.php?rest_route=%2Fwp%2Fv2%2Fcomments&post=19592"}],"version-history":[{"count":1,"href":"https:\/\/www.semanariolocal.cl\/index.php?rest_route=\/wp\/v2\/posts\/19592\/revisions"}],"predecessor-version":[{"id":19594,"href":"https:\/\/www.semanariolocal.cl\/index.php?rest_route=\/wp\/v2\/posts\/19592\/revisions\/19594"}],"wp:featuredmedia":[{"embeddable":true,"href":"https:\/\/www.semanariolocal.cl\/index.php?rest_route=\/wp\/v2\/media\/19593"}],"wp:attachment":[{"href":"https:\/\/www.semanariolocal.cl\/index.php?rest_route=%2Fwp%2Fv2%2Fmedia&parent=19592"}],"wp:term":[{"taxonomy":"category","embeddable":true,"href":"https:\/\/www.semanariolocal.cl\/index.php?rest_route=%2Fwp%2Fv2%2Fcategories&post=19592"},{"taxonomy":"post_tag","embeddable":true,"href":"https:\/\/www.semanariolocal.cl\/index.php?rest_route=%2Fwp%2Fv2%2Ftags&post=19592"}],"curies":[{"name":"wp","href":"https:\/\/api.w.org\/{rel}","templated":true}]}}