{"id":19581,"date":"2024-02-11T11:31:00","date_gmt":"2024-02-11T14:31:00","guid":{"rendered":"https:\/\/www.semanariolocal.cl\/?p=19581"},"modified":"2024-02-12T13:37:13","modified_gmt":"2024-02-12T16:37:13","slug":"la-violencia-una-conducta-innata-o-aprendida","status":"publish","type":"post","link":"https:\/\/www.semanariolocal.cl\/?p=19581","title":{"rendered":"La violencia: \u00bfuna conducta innata o aprendida?"},"content":{"rendered":"\n<p>Hay estudios que indican que la agresividad estar\u00eda asociada a la supervivencia y representa un instinto natural que el hombre lleva consigo desde su nacimiento y que comparte con los animales. Este instinto servir\u00eda para estar alertas, defendernos y adaptarnos al entorno. Por lo tanto, la agresividad ser\u00eda biol\u00f3gica, instintiva y estar\u00eda regulada por un conjunto de reacciones neuroqu\u00edmicas.<\/p>\n\n\n\n<p>No obstante lo anterior \u2013 y para desgracia del ser humano\u2013 todo apuntar\u00eda a que tambi\u00e9n estamos frente a <strong>\u201cun comportamiento que se aprende desde peque\u00f1os a trav\u00e9s de las conductas que emiten los adultos\u201d<\/strong>: los ni\u00f1os y ni\u00f1as copian y replican la forma en c\u00f3mo los adultos resuelven sus problemas, la forma en c\u00f3mo interactuamos, hablamos, nos relacionamos y tratamos a las dem\u00e1s personas.<\/p>\n\n\n\n<p>El fil\u00f3sofo, escritor y periodista franc\u00e9s Jean Fran\u00e7ois Revel enfatiza en forma muy determinante la triste y dolorosa impotencia que experimenta el ser humano \u2013como una criatura sola y desvalida\u2013 ante algunos acontecimientos que lo envuelven y arrastran, a\u00fan en contra de su voluntad, hacia la pr\u00e1ctica de una violencia que no conoce l\u00edmite alguno, cuando&nbsp; expresa que <strong>\u201cel siglo XX ha sido uno de los m\u00e1s sangrientos de la historia; se singulariza por la extensi\u00f3n de sus opresiones, de sus persecuciones, de sus exterminios\u201d<\/strong>, en tanto que las dos primeras d\u00e9cadas del siglo XXI no se han quedado atr\u00e1s en t\u00e9rminos del uso de la violencia y de la destrucci\u00f3n masiva que se han llevado a cabo.<\/p>\n\n\n\n<p>Son palabras que impactan profundamente en la mente de aquellas personas que son reflexivas y que analizan con detenci\u00f3n aquello que ocurre en su entorno, quedando la impresi\u00f3n en nuestra conciencia, que el dios \u2013o dioses\u2013 que se invoca en el momento de iniciar una de las tantas guerras de exterminio que ha propiciado el ser humano, odiara y\/o despreciara profundamente a la raza humana, a ra\u00edz de las severas consecuencias que acarrea cada una de estas guerras a millones de seres humanos inocentes.<\/p>\n\n\n\n<p>A la voz del fil\u00f3sofo Revel se suma la de Matthew White, un connotado estudioso de la atrocitolog\u00eda, es decir, <strong>\u201cla disciplina que se preocupa de estudiar las atrocidades que ha cometido el ser humano\u201d<\/strong>, ya sea en nombre de Dios, de una determinada ideolog\u00eda \u2013sea \u00e9sta de izquierda o de derecha\u2013, de una falsa idea basada en la supremac\u00eda de una raza sobre otra, o simplemente, cuando&nbsp; el ser humano lleva a cabo sus guerras de conquista y destrucci\u00f3n genocida.<\/p>\n\n\n\n<p>En su libro <strong>\u201cLa Historia negra de la humanidad\u201d<\/strong> White se\u00f1ala que el siglo XX junto con haber sido un siglo con la mayor cantidad de conocimientos y avances cient\u00edficos, ha sido el siglo m\u00e1s cruento de la historia humana con m\u00e1s de 175 millones de muertos, el noventa por ciento de los cuales \u2013mujeres, ni\u00f1os y ancianos\u2013 &nbsp;fueron v\u00edctimas inocentes que nada ten\u00edan que ver en el conflicto que las condujo a la tortura, agresi\u00f3n, muerte violenta y destrucci\u00f3n.<\/p>\n\n\n\n<p>El problema m\u00e1s grave radica en que el nuevo siglo XXI est\u00e1 siguiendo las mismas huellas sangrientas que ha dejado el viejo siglo XX. Tanto es as\u00ed, que hoy, a\u00f1o 2024, tenemos varias guerras en pleno desarrollo \u2013el conflicto palestino-israel\u00ed y la guerra Rusia-Ucrania, entre las m\u00e1s conocidas\u2013 y a un pa\u00eds como Corea del Norte que le ha declarado \u2013hasta ahora s\u00f3lo verbalmente\u2013 la <strong>\u201cguerra total con car\u00e1cter de nuclear\u201d<\/strong> a Estados Unidos, si este \u00faltimo pa\u00eds se atreve a atacar a la naci\u00f3n coreana.<\/p>\n\n\n\n<p>De la postura personal que adopte cada ser humano ante tanto desajuste emocional, tanta violencia, tanta arbitrariedad e injusticia, depender\u00e1 \u2013sin ser muy exagerado\u2013 nada menos que la supervivencia de la especie humana, y por ende, de su civilizaci\u00f3n.<\/p>\n\n\n\n<p>Con mucho humor negro lo expres\u00f3 Albert Einstein, cuando plante\u00f3, hace m\u00e1s de setenta a\u00f1os, que si todos los hombres y mujeres de este planeta no hac\u00edamos un gran esfuerzo personal en cambiar ciertas conductas y actitudes donde prima y reina la agresi\u00f3n, la pr\u00f3xima guerra la pelear\u00edamos con&#8230; garrotes (siempre y cuando alguien sobreviva).<\/p>\n\n\n\n<p>En este sentido, uno se ve tentado a coincidir con ciertos pensadores, cuando plantean, que en lugar de considerar la posibilidad de que el hombre haya sido creado a imagen y semejanza de Dios, lo que hay que reconocer \u2013con gran dolor y verg\u00fcenza\u2013 es que el ser humano, como la criatura m\u00e1s inteligente y poderosa que jam\u00e1s haya pisado la tierra, no ha sido nunca capaz de <strong>\u201ccrear un dios que sea superior a \u00e9l mismo\u201d<\/strong>:&nbsp; muchos de los dioses -\u2013actuales y pasados\u2013 invocados por nuestros cong\u00e9neres humanos, muestran la volubilidad, la moral, el desprecio y las malas costumbres de un verdadero ni\u00f1o malcriado y vengativo.<\/p>\n\n\n\n<p>De acuerdo con el psic\u00f3logo y educador, Dr. Lawrence LeShan, sin importar la tensi\u00f3n y la destrucci\u00f3n que la amenaza de guerra \u2013parad\u00f3jicamente\u2013 prometa eliminar, este flagelo se hace presente <strong>\u201cen casi todas las culturas y en todos los estratos socioecon\u00f3micos, pol\u00edticos e intelectuales de cada cultura. Nos enfrentamos con una tensi\u00f3n humana fundamental\u201d<\/strong>. LeShan refuerza esta \u00faltima idea, destacando el car\u00e1cter \u201c<strong>espec\u00edficamente<\/strong> <strong>humano de esta peligrosa tensi\u00f3n\u201d<\/strong>.<\/p>\n\n\n\n<p>Para qu\u00e9 decir que las actuaciones poco santas de la raza humana en contra de sus propios hermanos son imposibles de enumerar y, aun as\u00ed, no hemos sido capaces de aprender de tanta destrucci\u00f3n y muerte in\u00fatiles. De ah\u00ed la necesidad de que la clase pol\u00edtica y gobernante de cada naci\u00f3n hagan, alguna vez, un serio mea culpa, y <strong>\u201csean capaces de reconocer su directa responsabilidad en todas y cada una de las guerras fratricidas que han iniciado en el transcurso de la historia\u201d<\/strong>, ya que son ellos, quienes \u2013generalmente, sin el consentimiento de los ciudadanos que dicen representar\u2013 se embarcan en guerras donde sobran la maldad, la injusticia, la mentira, la manipulaci\u00f3n y la carnicer\u00eda humana, faltando claramente el sentido com\u00fan, la bondad, la justicia y el respeto por el otro.<\/p>\n\n\n\n<p><strong>Dr. Franco Lotito C.&nbsp; \u2013&nbsp; <a href=\"http:\/\/www.aurigaservicios.cl\">www.aurigaservicios.cl<\/a><\/strong><strong> &#8211; <\/strong><strong>Acad\u00e9mico, escritor e investigador (PUC-UACh)<\/strong><\/p>\n","protected":false},"excerpt":{"rendered":"<p>La violencia ha sido definida como \u201cel uso de la fuerza que se orienta a la consecuci\u00f3n de un fin, especialmente, cuando se quiere dominar, controlar y someter a alguien, o imponer algo sobre otros\u201d.<\/p>\n","protected":false},"author":1,"featured_media":19582,"comment_status":"closed","ping_status":"closed","sticky":false,"template":"","format":"standard","meta":{"footnotes":""},"categories":[3,7],"tags":[2118,823,337,273,1093,247,133,2450],"class_list":["post-19581","post","type-post","status-publish","format-standard","has-post-thumbnail","hentry","category-al-dia","category-opinion","tag-semanariolocal","tag-franco-lotito-catino","tag-informacion","tag-noticias","tag-opinion-2","tag-region-de-los-lagos","tag-semanario-local","tag-violencia"],"_links":{"self":[{"href":"https:\/\/www.semanariolocal.cl\/index.php?rest_route=\/wp\/v2\/posts\/19581","targetHints":{"allow":["GET"]}}],"collection":[{"href":"https:\/\/www.semanariolocal.cl\/index.php?rest_route=\/wp\/v2\/posts"}],"about":[{"href":"https:\/\/www.semanariolocal.cl\/index.php?rest_route=\/wp\/v2\/types\/post"}],"author":[{"embeddable":true,"href":"https:\/\/www.semanariolocal.cl\/index.php?rest_route=\/wp\/v2\/users\/1"}],"replies":[{"embeddable":true,"href":"https:\/\/www.semanariolocal.cl\/index.php?rest_route=%2Fwp%2Fv2%2Fcomments&post=19581"}],"version-history":[{"count":1,"href":"https:\/\/www.semanariolocal.cl\/index.php?rest_route=\/wp\/v2\/posts\/19581\/revisions"}],"predecessor-version":[{"id":19583,"href":"https:\/\/www.semanariolocal.cl\/index.php?rest_route=\/wp\/v2\/posts\/19581\/revisions\/19583"}],"wp:featuredmedia":[{"embeddable":true,"href":"https:\/\/www.semanariolocal.cl\/index.php?rest_route=\/wp\/v2\/media\/19582"}],"wp:attachment":[{"href":"https:\/\/www.semanariolocal.cl\/index.php?rest_route=%2Fwp%2Fv2%2Fmedia&parent=19581"}],"wp:term":[{"taxonomy":"category","embeddable":true,"href":"https:\/\/www.semanariolocal.cl\/index.php?rest_route=%2Fwp%2Fv2%2Fcategories&post=19581"},{"taxonomy":"post_tag","embeddable":true,"href":"https:\/\/www.semanariolocal.cl\/index.php?rest_route=%2Fwp%2Fv2%2Ftags&post=19581"}],"curies":[{"name":"wp","href":"https:\/\/api.w.org\/{rel}","templated":true}]}}