{"id":19542,"date":"2024-02-07T11:00:00","date_gmt":"2024-02-07T14:00:00","guid":{"rendered":"https:\/\/www.semanariolocal.cl\/?p=19542"},"modified":"2024-02-08T00:30:58","modified_gmt":"2024-02-08T03:30:58","slug":"con-multiples-homenajes-despiden-al-presidente-sebastian-pinera-en-la-region-de-los-lagos","status":"publish","type":"post","link":"https:\/\/www.semanariolocal.cl\/?p=19542","title":{"rendered":"Con m\u00faltiples homenajes despiden al Presidente Sebasti\u00e1n Pi\u00f1era en la Regi\u00f3n de Los Lagos"},"content":{"rendered":"\n<p>Una serie de actividades en homenaje al Ex Presidente Sebasti\u00e1n Pi\u00f1era Echenique, est\u00e1 organizando los partidos de ChileVamos en la zona, como homenaje p\u00f3stumo al mandatario que lleg\u00f3 en dos oportunidades a La Moneda.<\/p>\n\n\n\n<p>Para las 19 horas de hoy mi\u00e9rcoles en Puerto Montt, est\u00e1 programada una velat\u00f3n en la sede de Renovaci\u00f3n Nacional, ubicada en calle O\u2019Higgins 246 en el centro de la capital regional, espacio donde desde este mi\u00e9rcoles, reci\u00e9n conocida la noticia del tr\u00e1gico deceso, se habilit\u00f3 un libro de condolencias.<\/p>\n\n\n\n<p>Este jueves a las 18 horas se realizar\u00e1 una eucarist\u00eda en memoria del Ex Presidente Sebasti\u00e1n Pi\u00f1era en la Catedral de Puerto Montt, mientras que de manera simult\u00e1nea se celebrar\u00e1n a las 19 horas misas en la Catedral San Marcos de Osorno y en la Parroquia Sagrado Coraz\u00f3n de Jes\u00fas de Puerto Varas.<\/p>\n\n\n\n<p>En Chilo\u00e9, tambi\u00e9n se desarrollar\u00e1 un homenaje con una misa a las 17.30 horas del jueves en la Iglesia Ap\u00f3stol Santiago, emplazada frente a la Plaza de Armas de Castro.<\/p>\n\n\n\n<p><strong>Reacciones<\/strong><\/p>\n\n\n\n<p>\u00abEl fallecimiento del ex Presidente Pi\u00f1era es una p\u00e9rdida irreparable para nuestro pa\u00eds. Su liderazgo en los momentos m\u00e1s dif\u00edciles de las \u00faltimas d\u00e9cadas dej\u00f3 una huella imborrable en la historia pol\u00edtica de Chile. Recordamos su legado de servicio, su amor a la Patria, su convicci\u00f3n de defender la democracia. Adem\u00e1s, valoramos su iniciativa de dar espacio a los j\u00f3venes en pol\u00edtica y ser pionero en temas de diversidad e inclusi\u00f3n\u201d, destac\u00f3 la presidenta de Ev\u00f3poli en Los Lagos, Loreto Kemp.<\/p>\n\n\n\n<p>La dirigente indic\u00f3 que su tienda, en uni\u00f3n a los partidos de Chilevamos, invitan a toda la comunidad a unirse en las actividades en honor al ex presidente Pi\u00f1era, \u201cdonde rendiremos homenaje a su trayectoria pol\u00edtica y su dedicaci\u00f3n al bienestar de Chile\u00bb, dijo.<\/p>\n\n\n\n<p>Por su parte Yerco Rodr\u00edguez, concejal de Puerto Montt y presidente regional de la UDI, sostuvo que \u201ccomo Uni\u00f3n Dem\u00f3crata Independiente, estamos conscientes de que Sebasti\u00e1n Pi\u00f1era fue un ex Presidente con un alto nivel de arraigo y con un compromiso con Chile total\u201d, destacando su compromiso con la reconstrucci\u00f3n tras el terremoto del 27F y su liderazgo en la pandemia del Covid-19.<\/p>\n\n\n\n<p>Desde Renovaci\u00f3n Nacional, su vicepresidente regional Luis Toledo valor\u00f3 la gesti\u00f3n del mandatario y sus grandes aportes a la regi\u00f3n.<\/p>\n\n\n\n<p>\u201cEn Los Lagos la restauraci\u00f3n de iglesias en Chilo\u00e9 y su gran apuesta por la conectividad son parte de su legado. Las obras en el puente del canal de Chacao, que el Presidente Sebasti\u00e1n Pi\u00f1era impuls\u00f3 desde el primer momento, junto a las rampas que hoy permiten la conexi\u00f3n del Chile austral, a trav\u00e9s de la Ruta Bimodal, son una muestra de su importante aporte a nuestro territorio\u201d, indic\u00f3.<\/p>\n","protected":false},"excerpt":{"rendered":"<p>Misas en su memoria se realizar\u00e1n en Osorno, Puerto Varas, Puerto Montt y Castro, adem\u00e1s de una velat\u00f3n en la sede de Renovaci\u00f3n Nacional, espacio donde se ha dispuesto un libro de condolencias.<\/p>\n","protected":false},"author":1,"featured_media":19543,"comment_status":"closed","ping_status":"closed","sticky":false,"template":"","format":"standard","meta":{"footnotes":""},"categories":[3,2496,6,2483],"tags":[2118,337,273,132,247,1942,133],"class_list":["post-19542","post","type-post","status-publish","format-standard","has-post-thumbnail","hentry","category-al-dia","category-nacional","category-politica","category-region","tag-semanariolocal","tag-informacion","tag-noticias","tag-osorno","tag-region-de-los-lagos","tag-sebastian-pinera","tag-semanario-local"],"_links":{"self":[{"href":"https:\/\/www.semanariolocal.cl\/index.php?rest_route=\/wp\/v2\/posts\/19542","targetHints":{"allow":["GET"]}}],"collection":[{"href":"https:\/\/www.semanariolocal.cl\/index.php?rest_route=\/wp\/v2\/posts"}],"about":[{"href":"https:\/\/www.semanariolocal.cl\/index.php?rest_route=\/wp\/v2\/types\/post"}],"author":[{"embeddable":true,"href":"https:\/\/www.semanariolocal.cl\/index.php?rest_route=\/wp\/v2\/users\/1"}],"replies":[{"embeddable":true,"href":"https:\/\/www.semanariolocal.cl\/index.php?rest_route=%2Fwp%2Fv2%2Fcomments&post=19542"}],"version-history":[{"count":1,"href":"https:\/\/www.semanariolocal.cl\/index.php?rest_route=\/wp\/v2\/posts\/19542\/revisions"}],"predecessor-version":[{"id":19544,"href":"https:\/\/www.semanariolocal.cl\/index.php?rest_route=\/wp\/v2\/posts\/19542\/revisions\/19544"}],"wp:featuredmedia":[{"embeddable":true,"href":"https:\/\/www.semanariolocal.cl\/index.php?rest_route=\/wp\/v2\/media\/19543"}],"wp:attachment":[{"href":"https:\/\/www.semanariolocal.cl\/index.php?rest_route=%2Fwp%2Fv2%2Fmedia&parent=19542"}],"wp:term":[{"taxonomy":"category","embeddable":true,"href":"https:\/\/www.semanariolocal.cl\/index.php?rest_route=%2Fwp%2Fv2%2Fcategories&post=19542"},{"taxonomy":"post_tag","embeddable":true,"href":"https:\/\/www.semanariolocal.cl\/index.php?rest_route=%2Fwp%2Fv2%2Ftags&post=19542"}],"curies":[{"name":"wp","href":"https:\/\/api.w.org\/{rel}","templated":true}]}}