{"id":19485,"date":"2024-02-02T08:57:00","date_gmt":"2024-02-02T11:57:00","guid":{"rendered":"https:\/\/www.semanariolocal.cl\/?p=19485"},"modified":"2024-02-02T13:00:12","modified_gmt":"2024-02-02T16:00:12","slug":"nuevos-tomasinos-se-preparan-para-iniciar-el-ano-academico","status":"publish","type":"post","link":"https:\/\/www.semanariolocal.cl\/?p=19485","title":{"rendered":"Nuevos tomasinos se preparan para iniciar el a\u00f1o acad\u00e9mico"},"content":{"rendered":"\n<p>Con el fin de entregar informaci\u00f3n relevante sobre las carreras que van estudiar este a\u00f1o las y los nuevos tomasinos, la Direcci\u00f3n de Admisi\u00f3n de Santo Tom\u00e1s Osorno realiz\u00f3 una serie de actividades, entre ellas, charlas y talleres que fueron dictadas por los Directores y jefes de carreras a modo de preparaci\u00f3n del inicio de a\u00f1o acad\u00e9mico e incentivo a participar de la Semana Cero.<\/p>\n\n\n\n<p>Ver\u00f3nica Le Fort, Directora de Admisi\u00f3n de Santo Tom\u00e1s Osorno, explic\u00f3 que \u201cel proceso de fidelizaci\u00f3n consiste en entregar informaci\u00f3n relevante de cada carrera en espec\u00edfico, as\u00ed como tambi\u00e9n incentivar a las y los nuevos tomasinos a participar en la Semana Cero, inducci\u00f3n esencial para la preparaci\u00f3n del inicio del a\u00f1o acad\u00e9mico\u201d.<\/p>\n\n\n\n<p>En dicho contexto, las y los nuevos tomasinos participaron de las charlas preparadas por los respectivos Directores de carrera, quienes a modo general expusieron los conocimientos y aprendizajes de la carrera de inter\u00e9s de los nuevos tomasinos que ya se encuentran matriculados en Santo Tom\u00e1s Osorno, as\u00ed tambi\u00e9n entregaron indicaciones de las principales \u00e1reas de apoyo e hicieron un recorrido por las dependencias de la sede.<\/p>\n\n\n\n<p>\u201cEs una oportunidad para conocer a sus docentes y jefatura, adem\u00e1s de fidelizar donde f\u00edsicamente van a estudiar, conocer los distintos espacios, infraestructura y laboratorios, indicaciones espec\u00edficas de cada carrera como&nbsp;uniformes e implementos relevantes. En general, es mostrar a grandes rasgos los servicios y recursos que entrega nuestra casa de estudios a las y los nuevos tomasinos\u201d, agreg\u00f3 la Directora de Admisi\u00f3n.<\/p>\n\n\n\n<p>En Santo Tom\u00e1s Osorno el proceso de Admisi\u00f3n 2024 contin\u00faa vigente, a\u00fan quedan cupos disponibles para estudiar tanto en el IP como CFT, destacando las carreras de T\u00e9cnico en Construcciones Civiles, T\u00e9cnico en Administraci\u00f3n, Topograf\u00eda, T\u00e9cnico en Educaci\u00f3n Especial, y en el Instituto Profesional, la carrera de Psicopedagog\u00eda.<\/p>\n\n\n\n<p>El equipo de la Direcci\u00f3n de Admisi\u00f3n est\u00e1 disponible para atender las inquietudes de los postulantes y futuros tomasinos de lunes a viernes de 09:00 a 19:00 horas, en Los Carrera 753, Osorno.<\/p>\n\n\n\n<p>Para consultas y m\u00e1s informaci\u00f3n sobre la oferta de carreras y disponibilidad de cupos pueden escribir a <a href=\"mailto:admision.osorno@santotomas.cl\">admision.osorno@santotomas.cl<\/a> o bien llamar a los tel\u00e9fonos 64 2 228200 o 2 228206, o tambi\u00e9n visitar el sitio web <a href=\"https:\/\/www.tupuedes.cl\/sedes\/osorno\/\">https:\/\/www.tupuedes.cl\/sedes\/osorno\/<\/a> .<\/p>\n","protected":false},"excerpt":{"rendered":"<p>Motivar y conocer los aspectos m\u00e1s relevantes del \u00e1rea de conocimiento a estudiar este 2024 es lo que se busc\u00f3 con la realizaci\u00f3n de charlas y talleres dirigidas a las y los nuevos tomasinos<\/p>\n","protected":false},"author":1,"featured_media":19486,"comment_status":"closed","ping_status":"closed","sticky":false,"template":"","format":"standard","meta":{"footnotes":""},"categories":[3,11,2483],"tags":[2118,337,273,132,247,2359,133,329],"class_list":["post-19485","post","type-post","status-publish","format-standard","has-post-thumbnail","hentry","category-al-dia","category-educacion","category-region","tag-semanariolocal","tag-informacion","tag-noticias","tag-osorno","tag-region-de-los-lagos","tag-santo-tomas-osorno","tag-semanario-local","tag-ust"],"_links":{"self":[{"href":"https:\/\/www.semanariolocal.cl\/index.php?rest_route=\/wp\/v2\/posts\/19485","targetHints":{"allow":["GET"]}}],"collection":[{"href":"https:\/\/www.semanariolocal.cl\/index.php?rest_route=\/wp\/v2\/posts"}],"about":[{"href":"https:\/\/www.semanariolocal.cl\/index.php?rest_route=\/wp\/v2\/types\/post"}],"author":[{"embeddable":true,"href":"https:\/\/www.semanariolocal.cl\/index.php?rest_route=\/wp\/v2\/users\/1"}],"replies":[{"embeddable":true,"href":"https:\/\/www.semanariolocal.cl\/index.php?rest_route=%2Fwp%2Fv2%2Fcomments&post=19485"}],"version-history":[{"count":1,"href":"https:\/\/www.semanariolocal.cl\/index.php?rest_route=\/wp\/v2\/posts\/19485\/revisions"}],"predecessor-version":[{"id":19487,"href":"https:\/\/www.semanariolocal.cl\/index.php?rest_route=\/wp\/v2\/posts\/19485\/revisions\/19487"}],"wp:featuredmedia":[{"embeddable":true,"href":"https:\/\/www.semanariolocal.cl\/index.php?rest_route=\/wp\/v2\/media\/19486"}],"wp:attachment":[{"href":"https:\/\/www.semanariolocal.cl\/index.php?rest_route=%2Fwp%2Fv2%2Fmedia&parent=19485"}],"wp:term":[{"taxonomy":"category","embeddable":true,"href":"https:\/\/www.semanariolocal.cl\/index.php?rest_route=%2Fwp%2Fv2%2Fcategories&post=19485"},{"taxonomy":"post_tag","embeddable":true,"href":"https:\/\/www.semanariolocal.cl\/index.php?rest_route=%2Fwp%2Fv2%2Ftags&post=19485"}],"curies":[{"name":"wp","href":"https:\/\/api.w.org\/{rel}","templated":true}]}}