{"id":19473,"date":"2024-02-02T08:30:00","date_gmt":"2024-02-02T11:30:00","guid":{"rendered":"https:\/\/www.semanariolocal.cl\/?p=19473"},"modified":"2024-02-02T11:45:07","modified_gmt":"2024-02-02T14:45:07","slug":"chiloe-40-anos-de-tradicional-encuentro-folclorico-reune-a-las-islas-del-archipielago","status":"publish","type":"post","link":"https:\/\/www.semanariolocal.cl\/?p=19473","title":{"rendered":"Chilo\u00e9: 40 a\u00f1os de tradicional Encuentro Folcl\u00f3rico reune a las Islas del Archipi\u00e9lago."},"content":{"rendered":"\n<p>Achao se convertir\u00e1 entre el 2 al 4 de febrero, en el centro de difusi\u00f3n cultural m\u00e1s importante del folclor y tradiciones de Chilo\u00e9, al conmemorarse los 40 a\u00f1os del tradicional Encuentro Folcl\u00f3rico de las Islas del Archipi\u00e9lago, que naciera hace cuatro d\u00e9cadas, con el objetivo de entregar espacios a los distintos grupos, cantores, m\u00fasicos m\u00e1s an\u00f3nimos provenientes de las distintas islas interiores del vasto territorio insular, manteni\u00e9ndose con la misma esencia hasta el presente.<\/p>\n\n\n\n<p>Han sido miles los folcloristas que han entregado su arte durante todos estos a\u00f1os, marcado en la historia de los difusores del canto, las memorias, las tradiciones, protagonistas del archipi\u00e9lago de las chauques, Desertores, Quinchao, Quell\u00f3n, Castro, as\u00ed tambi\u00e9n de sectores rurales y urbanos de la provincia, con caracter\u00edsticas \u00fanicas en el desarrollo de tres jornadas y que anualmente se desarrolla el primer fin de semana de febrero.<\/p>\n\n\n\n<p>Ram\u00f3n Y\u00e1\u00f1ez Jefe de Cultura de la Municipalidad de Quinchao manifest\u00f3 que en todos estos a\u00f1os hemos visto el nacimiento y desarrollo del encuentro, comprobando que \u201c aqu\u00ed el patrimonio cultural de un pueblo se mantiene vivo en el esp\u00edritu de sencillos y an\u00f3nimos cantores isle\u00f1os, de los m\u00fasicos tradicionales, que navegando muchos largas horas, han entregado el amor a esta tierra insular, a sus ancestros, marcando huellas profundas en difundir lo m\u00e1s&nbsp; aut\u00e9ntico de nuestro pueblo, con el recuerdo siempre de aquellos &nbsp;primeros cultores que llegaron a&nbsp; este escenario y que&nbsp; traspasaron su sabidur\u00eda a las generaciones actuales\u201d, sostuvo el profesor.<\/p>\n\n\n\n<p>Por lo tanto Achao, una vez m\u00e1s, se\u00f1al\u00f3 \u201cver\u00e1 pasar durante tres jornadas en el escenario del Gimnasio Fiscal de Achao, a distintas agrupaciones de las islas, de los sectores rurales y urbanos de Chilo\u00e9 que unidos a grupos nacionales como de Latinoam\u00e9rica, ser\u00e1n los actores principales de esta significativa versi\u00f3n\u201d, puntualiz\u00f3 el tambi\u00e9n folclorista chilote.<\/p>\n\n\n\n<p>Por su parte, el Alcalde de Quinchao Ren\u00e9 Garc\u00e9s Alvarez, realiz\u00f3 una cordial invitaci\u00f3n a compartir los 40 a\u00f1os del Encuentro de las Islas &nbsp;del Archipi\u00e9lago que : \u201c ser\u00e1 una gran celebraci\u00f3n en Achao, ya que aqu\u00ed van a participar del encuentro m\u00e1s antiguo, legendario y \u00fanico en su estilo que se realiza cada a\u00f1o &nbsp;en Chilo\u00e9, donde tambi\u00e9n se va incorporar &nbsp;el folclor regional e internacional conjuntamente con las muestras de gastronom\u00eda , el trabajo de nuestros artesanos y los hermosos paisajes de la comuna de Quinchao\u201d, sostuvo el edil Quincha\u00edno.<\/p>\n\n\n\n<p>La Fiesta el Archipi\u00e9lago, se inicia este viernes con la apertura de la Muestra Gastron\u00f3mica artesanal en el predio municipal ubicado en calle Aviador Horacio Barrientos de Achao a contar de las 10:00 horas, para luego a las 14:00 horas llevarse a efecto la inauguraci\u00f3n de esta muestra y a partir de las 20,30 horas las tradiciones folcl\u00f3ricas durante tres noches &nbsp;de m\u00fasica, bailes y folclor isle\u00f1o, en el gimnasio fiscal de Achao hasta altas horas de la madrugada, donde la guitarras, acordeones, bombos y cantos de cientos de folcloristas dar\u00e1n vida a la actividad m\u00e1s esperada durante el verano.&nbsp; En tanto, el s\u00e1bado a las 14 horas tendr\u00e1 lugar, el gran pasacalles y carnaval de los folcloristas por las distintas calles Achao, inmerso en las diferentes actividades que&nbsp; tendr\u00e1 como centro principal esta comuna chilota ubicada en la isla de Quinchao, durante todo el fin de semana.<\/p>\n","protected":false},"excerpt":{"rendered":"<p>Achao ver\u00e1 pasar durante tres jornadas  a distintas agrupaciones folcl\u00f3ricas  de las islas, de los sectores rurales y urbanos de Chilo\u00e9 que unidos a grupos nacionales como de Latinoam\u00e9rica, ser\u00e1n los actores principales de una magnifica celebraci\u00f3n chilota.<\/p>\n","protected":false},"author":1,"featured_media":19474,"comment_status":"closed","ping_status":"closed","sticky":false,"template":"","format":"standard","meta":{"footnotes":""},"categories":[3],"tags":[],"class_list":["post-19473","post","type-post","status-publish","format-standard","has-post-thumbnail","hentry","category-al-dia"],"_links":{"self":[{"href":"https:\/\/www.semanariolocal.cl\/index.php?rest_route=\/wp\/v2\/posts\/19473","targetHints":{"allow":["GET"]}}],"collection":[{"href":"https:\/\/www.semanariolocal.cl\/index.php?rest_route=\/wp\/v2\/posts"}],"about":[{"href":"https:\/\/www.semanariolocal.cl\/index.php?rest_route=\/wp\/v2\/types\/post"}],"author":[{"embeddable":true,"href":"https:\/\/www.semanariolocal.cl\/index.php?rest_route=\/wp\/v2\/users\/1"}],"replies":[{"embeddable":true,"href":"https:\/\/www.semanariolocal.cl\/index.php?rest_route=%2Fwp%2Fv2%2Fcomments&post=19473"}],"version-history":[{"count":1,"href":"https:\/\/www.semanariolocal.cl\/index.php?rest_route=\/wp\/v2\/posts\/19473\/revisions"}],"predecessor-version":[{"id":19475,"href":"https:\/\/www.semanariolocal.cl\/index.php?rest_route=\/wp\/v2\/posts\/19473\/revisions\/19475"}],"wp:featuredmedia":[{"embeddable":true,"href":"https:\/\/www.semanariolocal.cl\/index.php?rest_route=\/wp\/v2\/media\/19474"}],"wp:attachment":[{"href":"https:\/\/www.semanariolocal.cl\/index.php?rest_route=%2Fwp%2Fv2%2Fmedia&parent=19473"}],"wp:term":[{"taxonomy":"category","embeddable":true,"href":"https:\/\/www.semanariolocal.cl\/index.php?rest_route=%2Fwp%2Fv2%2Fcategories&post=19473"},{"taxonomy":"post_tag","embeddable":true,"href":"https:\/\/www.semanariolocal.cl\/index.php?rest_route=%2Fwp%2Fv2%2Ftags&post=19473"}],"curies":[{"name":"wp","href":"https:\/\/api.w.org\/{rel}","templated":true}]}}