{"id":19467,"date":"2024-02-02T11:24:00","date_gmt":"2024-02-02T14:24:00","guid":{"rendered":"https:\/\/www.semanariolocal.cl\/?p=19467"},"modified":"2024-02-02T11:24:01","modified_gmt":"2024-02-02T14:24:01","slug":"investigadora-de-la-pucv-analizara-las-compensaciones-ambientales-de-chile","status":"publish","type":"post","link":"https:\/\/www.semanariolocal.cl\/?p=19467","title":{"rendered":"Investigadora de la PUCV analizar\u00e1 las compensaciones ambientales de Chile"},"content":{"rendered":"\n<p>Investigar la efectividad de la pol\u00edtica nacional de compensaci\u00f3n medioambiental en el caso de inversiones -mayoritariamente mineras- ubicadas en zonas cercanas a los humedales altoandinos, es uno de los objetivos de un proyecto, liderado por la investigadora Mar\u00eda Fernanda Rojas, del Instituto de Geograf\u00eda de la Pontificia Universidad Cat\u00f3lica de Valpara\u00edso (PUCV),<\/p>\n\n\n\n<p>La acad\u00e9mica se adjudic\u00f3 un proyecto Fondecyt de la Agencia Nacional de Investigaci\u00f3n y Desarrollo, para llevar a cabo su proyecto \u201cBiodiversity offsets as a triple solution? Tracing biodiversity offsets in high Andean wetlands\u201d, o en espa\u00f1ol, \u201c\u00bfLas compensaciones de biodiversidad como una triple soluci\u00f3n? Seguimiento de las compensaciones de biodiversidad en los humedales altoandinos\u201d.<\/p>\n\n\n\n<p>Seg\u00fan Mar\u00eda Fernanda Rojas, su proyecto \u201ces una investigaci\u00f3n de la geograf\u00eda humana en relaci\u00f3n a la geolog\u00eda pol\u00edtica, en donde me enfoco en la incorporaci\u00f3n de las compensaciones en biodiversidad en el pa\u00eds, el reforzamiento de las metodolog\u00edas para el c\u00e1lculo de las compensaciones y las potenciales oportunidades y sinergias que se est\u00e1n generando desde el Estado para poder tambi\u00e9n suplir la demanda de financiamiento para la conservaci\u00f3n privada en el pa\u00eds\u201d.<\/p>\n\n\n\n<p>Agreg\u00f3 que a partir del a\u00f1o 1993 se crea la legislaci\u00f3n que se refiere a las compensaciones medioambientales. \u201cSin embargo, este sistema -en los \u00faltimos 15 a\u00f1os- no ha funcionado realmente bien. Hay varias evidencias, documentaci\u00f3n de organismos internacionales, como por ejemplo de la Organizaci\u00f3n de las Naciones Unidas por medio de su iniciativa Biofin, que han documentado que el sistema debiese mejorar\u201d, detall\u00f3 la investigadora de la PUCV.<\/p>\n\n\n\n<p>La investigaci\u00f3n de la acad\u00e9mica del Instituto de Geograf\u00eda se basa en la examinaci\u00f3n de las mejor\u00edas metodol\u00f3gicas de las pol\u00edticas de compensaci\u00f3n en nuestro pa\u00eds. \u201cYo me quiero hacer cargo de examinar esas nuevas metodolog\u00edas a partir de una perspectiva de la ecolog\u00eda pol\u00edtica. Quiero ver si es que las compensaciones en biodiversidad est\u00e1n realmente siendo exitosas en cuanto a la recuperaci\u00f3n y la restauraci\u00f3n de ecosistemas, y tambi\u00e9n, en t\u00e9rminos de la relaci\u00f3n que tienen los titulares de proyectos con las comunidades aleda\u00f1as o que habitan en los ecosistemas que est\u00e1n siendo afectados por diversos proyectos, as\u00ed como tambi\u00e9n saber cu\u00e1les son las medidas de compensaci\u00f3n para cada sector\u201d.<\/p>\n\n\n\n<p>\u201cEl proyecto se enfoca en el altiplano chileno porque -adem\u00e1s- trabajo en un n\u00facleo milenio que se dedica al estudio de bofedales altoandinos. Estamos con un grupo de cient\u00edficos haciendo una investigaci\u00f3n para poder reforzar la protecci\u00f3n de los bofedales altoandinos; mi proyecto analiza las compensaciones en biodiversidad en estos bofedales, pero tambi\u00e9n considera otros humedales altoandinos, tales como salares o vegas\u201d, recalc\u00f3.<\/p>\n","protected":false},"excerpt":{"rendered":"<p>Trabajo profundizar\u00e1 en el efecto de las compensaciones en cuanto a la recuperaci\u00f3n de la biodiversidad, la restauraci\u00f3n de los ecosistemas, y la relaci\u00f3n que tienen los titulares de proyectos con las comunidades aleda\u00f1as.<\/p>\n","protected":false},"author":1,"featured_media":19468,"comment_status":"closed","ping_status":"closed","sticky":false,"template":"","format":"standard","meta":{"footnotes":""},"categories":[3,11,2541,2483],"tags":[2118,77,337,708,2776,273,2775,267,247],"class_list":["post-19467","post","type-post","status-publish","format-standard","has-post-thumbnail","hentry","category-al-dia","category-educacion","category-investigacion","category-region","tag-semanariolocal","tag-educacion","tag-informacion","tag-investigacion","tag-maria-fernanda-rojas","tag-noticias","tag-pontificia-universidad-catolica-de-valparaiso","tag-pucv","tag-region-de-los-lagos"],"_links":{"self":[{"href":"https:\/\/www.semanariolocal.cl\/index.php?rest_route=\/wp\/v2\/posts\/19467","targetHints":{"allow":["GET"]}}],"collection":[{"href":"https:\/\/www.semanariolocal.cl\/index.php?rest_route=\/wp\/v2\/posts"}],"about":[{"href":"https:\/\/www.semanariolocal.cl\/index.php?rest_route=\/wp\/v2\/types\/post"}],"author":[{"embeddable":true,"href":"https:\/\/www.semanariolocal.cl\/index.php?rest_route=\/wp\/v2\/users\/1"}],"replies":[{"embeddable":true,"href":"https:\/\/www.semanariolocal.cl\/index.php?rest_route=%2Fwp%2Fv2%2Fcomments&post=19467"}],"version-history":[{"count":1,"href":"https:\/\/www.semanariolocal.cl\/index.php?rest_route=\/wp\/v2\/posts\/19467\/revisions"}],"predecessor-version":[{"id":19469,"href":"https:\/\/www.semanariolocal.cl\/index.php?rest_route=\/wp\/v2\/posts\/19467\/revisions\/19469"}],"wp:featuredmedia":[{"embeddable":true,"href":"https:\/\/www.semanariolocal.cl\/index.php?rest_route=\/wp\/v2\/media\/19468"}],"wp:attachment":[{"href":"https:\/\/www.semanariolocal.cl\/index.php?rest_route=%2Fwp%2Fv2%2Fmedia&parent=19467"}],"wp:term":[{"taxonomy":"category","embeddable":true,"href":"https:\/\/www.semanariolocal.cl\/index.php?rest_route=%2Fwp%2Fv2%2Fcategories&post=19467"},{"taxonomy":"post_tag","embeddable":true,"href":"https:\/\/www.semanariolocal.cl\/index.php?rest_route=%2Fwp%2Fv2%2Ftags&post=19467"}],"curies":[{"name":"wp","href":"https:\/\/api.w.org\/{rel}","templated":true}]}}