{"id":19429,"date":"2024-01-31T08:20:00","date_gmt":"2024-01-31T11:20:00","guid":{"rendered":"https:\/\/www.semanariolocal.cl\/?p=19429"},"modified":"2024-01-31T20:36:05","modified_gmt":"2024-01-31T23:36:05","slug":"siete-proyectos-financia-fondo-ambiental-en-la-region","status":"publish","type":"post","link":"https:\/\/www.semanariolocal.cl\/?p=19429","title":{"rendered":"Siete proyectos financia fondo ambiental en la regi\u00f3n"},"content":{"rendered":"\n<p>Siete proyectos de la Regi\u00f3n de Los Lagos resultaron ganadores del Fondo de Protecci\u00f3n Ambiental, del Ministerio del Medio Ambiente. As\u00ed lo dio a conocer la Seremi(S) del ramo, Liliana Alarc\u00f3n Vel\u00e1squez.<\/p>\n\n\n\n<p>Se Trata de dos proyectos en la l\u00ednea de proyectos sustentables ciudadanos, dos en proyectos sustentables en establecimientos educacionales y dos en proyectos sustentables para comunidades ind\u00edgenas.<\/p>\n\n\n\n<p>La Seremi (S) Liliana Alarc\u00f3n destac\u00f3 la aprobaci\u00f3n de estos fondos, \u201cnos es grato comunicar los resultados del FPA, en la regi\u00f3n de Los Lagos se aprobaron 7 proyectos, los que se suman a los 11 aprobados para establecimientos educacionales de Chilo\u00e9. El Fondo de Protecci\u00f3n Ambiental es un instrumento para apoyar las inquietudes que presenta la ciudadan\u00eda y sus organizaciones en pos del medio ambiente. En el a\u00f1o 2023 se abrieron 13 concursos para abordar diversas problem\u00e1ticas, tales como gesti\u00f3n de santuarios de la naturaleza, protecci\u00f3n de humedales, apoyo para recicladores de base, educaci\u00f3n ambiental en establecimientos educacionales. Seguimos cumpliendo el compromiso con la protecci\u00f3n del Medio Ambiente.<\/p>\n\n\n\n<p>El Fondo de Protecci\u00f3n Ambiental o FPA, es el primer fondo concursable de car\u00e1cter nacional con que cuenta el Estado de Chile. Fue creado por la Ley 19.300 sobre Bases Generales del Medio Ambiente (1994), para financiar total o parcialmente proyectos o actividades orientados a la protecci\u00f3n o reparaci\u00f3n del medio ambiente, el desarrollo sustentable, la preservaci\u00f3n de la naturaleza o la conservaci\u00f3n del patrimonio ambiental.<\/p>\n\n\n\n<p>A Nivel nacional el FPA 2024 entregar\u00e1 recursos por orden de 816 millones de pesos, esto es un aumento de un 11% respecto al a\u00f1o anterior, aprob\u00e1ndose un total de 136 proyectos.<\/p>\n\n\n\n<p>Esto se suman a los 11 proyectos aprobados recientemente por la l\u00ednea exclusiva para establecimientos educacionales de Chilo\u00e9.<\/p>\n\n\n\n<p><strong>Proyectos Aprobados:<\/strong><\/p>\n\n\n\n<p><strong>L\u00ednea Proyectos sustentables ciudadanos:<\/strong><\/p>\n\n\n\n<p>\u201cLa vieja tela: reutilizaci\u00f3n textil para la econom\u00eda circular en Futaleuf\u00fa\u201d, Asociaci\u00f3n de artesanos y artista de la Patagonia Andina \/ arpa, Futaleuf\u00fa.<\/p>\n\n\n\n<p>\u201cEspacios Demostrativos H\u00eddricos para We M\u00fcltuw\u00fcn Lemu\u201d, Consejo de Desarrollo de Salud Misi\u00f3n San Juan Ecotecnias h\u00eddricas, San Juan de La Costa.<\/p>\n\n\n\n<p><strong>L\u00ednea Proyectos sustentables establecimientos educacionales:<\/strong><\/p>\n\n\n\n<p>\u201cRecircular en la tierra: Fomentar la valorizaci\u00f3n de residuos org\u00e1nicos\u201d, Centro General de Padres y Apoderados del Colegio Ingl\u00e9s Antuquenu ,Puerto Montt .<\/p>\n\n\n\n<p>\u201cAr\u00e1cnidos, los h\u00e9roes silenciosos\u201d, Centro General de Padres y Apoderados del Colegio Nuevos Horizontes Valoraci\u00f3n y conservaci\u00f3n de la biodiversidad Puerto Montt.<\/p>\n\n\n\n<p><strong>L\u00ednea Proyectos sustentables Pueblos Ind\u00edgenas:<\/strong><\/p>\n\n\n\n<p>\u201cLa Comunidad Ind\u00edgena Meliwitranmapu separa sus residuos y se capacita para ser una localidad rural sustentable\u201d, Comunidad Ind\u00edgena Meliwitranmapu, Curaco de V\u00e9lez.<\/p>\n\n\n\n<p>\u201cComunidad Ind\u00edgena Pu Zomo cuida la biodiversidad del borde costero de Dalcahue\u201d, Comunidad Ind\u00edgena Pu Zomo Pulutauco Mocopulli, Dalcahue<\/p>\n\n\n\n<p>\u201cHuerto Comunitario para el resguardo de la medicina ancestral del territorio de Forrahue, comuna de Osorno\u201d, Comunidad Ind\u00edgena Forrahue ,Osorno.<\/p>\n","protected":false},"excerpt":{"rendered":"<p>El Fondo de protecci\u00f3n Ambiental (FPA) financia proyectos ciudadanos que buscan sensibilizaci\u00f3n ambiental, pues todos sus proyectos persiguen el involucramiento de la ciudadan\u00eda, el compromiso de los vecinos, la contribuci\u00f3n de los ni\u00f1os y ni\u00f1as, que, a trav\u00e9s de la educaci\u00f3n ambiental.<\/p>\n","protected":false},"author":1,"featured_media":19430,"comment_status":"closed","ping_status":"closed","sticky":false,"template":"","format":"standard","meta":{"footnotes":""},"categories":[3,9],"tags":[2118,337,273,132,247,133],"class_list":["post-19429","post","type-post","status-publish","format-standard","has-post-thumbnail","hentry","category-al-dia","category-gobierno","tag-semanariolocal","tag-informacion","tag-noticias","tag-osorno","tag-region-de-los-lagos","tag-semanario-local"],"_links":{"self":[{"href":"https:\/\/www.semanariolocal.cl\/index.php?rest_route=\/wp\/v2\/posts\/19429","targetHints":{"allow":["GET"]}}],"collection":[{"href":"https:\/\/www.semanariolocal.cl\/index.php?rest_route=\/wp\/v2\/posts"}],"about":[{"href":"https:\/\/www.semanariolocal.cl\/index.php?rest_route=\/wp\/v2\/types\/post"}],"author":[{"embeddable":true,"href":"https:\/\/www.semanariolocal.cl\/index.php?rest_route=\/wp\/v2\/users\/1"}],"replies":[{"embeddable":true,"href":"https:\/\/www.semanariolocal.cl\/index.php?rest_route=%2Fwp%2Fv2%2Fcomments&post=19429"}],"version-history":[{"count":1,"href":"https:\/\/www.semanariolocal.cl\/index.php?rest_route=\/wp\/v2\/posts\/19429\/revisions"}],"predecessor-version":[{"id":19431,"href":"https:\/\/www.semanariolocal.cl\/index.php?rest_route=\/wp\/v2\/posts\/19429\/revisions\/19431"}],"wp:featuredmedia":[{"embeddable":true,"href":"https:\/\/www.semanariolocal.cl\/index.php?rest_route=\/wp\/v2\/media\/19430"}],"wp:attachment":[{"href":"https:\/\/www.semanariolocal.cl\/index.php?rest_route=%2Fwp%2Fv2%2Fmedia&parent=19429"}],"wp:term":[{"taxonomy":"category","embeddable":true,"href":"https:\/\/www.semanariolocal.cl\/index.php?rest_route=%2Fwp%2Fv2%2Fcategories&post=19429"},{"taxonomy":"post_tag","embeddable":true,"href":"https:\/\/www.semanariolocal.cl\/index.php?rest_route=%2Fwp%2Fv2%2Ftags&post=19429"}],"curies":[{"name":"wp","href":"https:\/\/api.w.org\/{rel}","templated":true}]}}