{"id":19310,"date":"2024-01-24T18:21:23","date_gmt":"2024-01-24T21:21:23","guid":{"rendered":"https:\/\/www.semanariolocal.cl\/?p=19310"},"modified":"2024-01-24T18:21:24","modified_gmt":"2024-01-24T21:21:24","slug":"vallespin-responde-a-criticas-sobre-su-gestion","status":"publish","type":"post","link":"https:\/\/www.semanariolocal.cl\/?p=19310","title":{"rendered":"Vallespin responde a cr\u00edticas sobre su gesti\u00f3n"},"content":{"rendered":"\n<p>En relaci\u00f3n a la fiscalizaci\u00f3n de los recursos, la instituci\u00f3n destaca que ha implementado medidas proactivas desde mediados de 2022 para elevar los est\u00e1ndares de control. Se enfatiza que se gener\u00f3 un nuevo informe en mayo de 2023 para mostrar el avance del gasto y la ejecuci\u00f3n de los programas. Adem\u00e1s, se formaron equipos especiales de seguimiento y se llevaron a cabo acciones concretas, como la revisi\u00f3n de conciliaciones bancarias.<\/p>\n\n\n\n<p><a><\/a>La m\u00e1xima autoridad regional, indic\u00f3 que \u201cd<em>e todos los programas que el Gobierno Regional de Los Lagos maneja, solo en uno se encontr\u00f3 con una instituci\u00f3n que ha enga\u00f1ado y us\u00f3 el sistema para fines personales. Esa instituci\u00f3n est\u00e1 siendo investigada por la Fiscal\u00eda y actualmente, como Gore Los Lagos, se est\u00e1 colaborando en todo para que se aclare la nula vinculaci\u00f3n en ese delito. Es m\u00e1s, la primera instituci\u00f3n que actu\u00f3 para recuperar los recursos traspasados a Kimun, fue el Gore\u201d.<\/em><\/p>\n\n\n\n<p><a><\/a><strong>Cierre de programas<\/strong><\/p>\n\n\n\n<p><a><\/a>En cuanto al cierre de programas, se desmiente la afirmaci\u00f3n de que se terminaron los convenios por mala ejecuci\u00f3n. Se aclara que la decisi\u00f3n se tom\u00f3 debido a la abstenci\u00f3n de la Contralor\u00eda para continuar con el proceso de toma de raz\u00f3n, destacando que <em>\u201cla ejecuci\u00f3n de casi todas las iniciativas se encontraba en buen desarrollo y durante el proceso de cierre (a\u00fan en curso), todas las instituciones devolvieron los recursos no ejecutados, los cuales llegar\u00e1n a un monto estimado de $8.500 millones. Se realiz\u00f3 un proceso consensuado, planificado y que ha contado con toda la colaboraci\u00f3n de las instituciones privadas y hemos alcanzado resultados concretos en el proceso, que servir\u00e1n para el futuro si se pueden retomar las iniciativas\u201d.<\/em><\/p>\n\n\n\n<p>Respecto a las alegaciones sobre el programa con la fundaci\u00f3n Participa, se aclara que la informaci\u00f3n sobre la promesa de t\u00edtulos de dominio ha sido tergiversada. Se afirma que el programa se present\u00f3 como una serie de acciones para subsanar tramitaciones relacionadas a la regularizaci\u00f3n de t\u00edtulos de dominio y permisos de construcci\u00f3n, sin realizar promesas m\u00e1s all\u00e1 de esos t\u00e9rminos t\u00e9cnicos.<\/p>\n\n\n\n<p>Finalmente, en relaci\u00f3n al informe de la Contralor\u00eda, se se\u00f1ala que existen afirmaciones incompletas y tendenciosas, y se solicitar\u00e1 la reconsideraci\u00f3n de ciertos puntos. El Gobierno Regional asegura que detalla su respuesta en un informe que est\u00e1 siendo elaborado y se entregar\u00e1 en los primeros d\u00edas de febrero.<\/p>\n","protected":false},"excerpt":{"rendered":"<p>En respuesta a recientes declaraciones y se\u00f1alamientos p\u00fablicos, el Gobierno Regional de Los Lagos, ha emitido un comunicado para abordar diversas acusaciones en torno a la fiscalizaci\u00f3n de recursos, el cierre de programas y las alegaciones presentadas en el informe de la Contralor\u00eda.<\/p>\n","protected":false},"author":1,"featured_media":19311,"comment_status":"closed","ping_status":"closed","sticky":false,"template":"","format":"standard","meta":{"footnotes":""},"categories":[8,9,2495,2483],"tags":[2118,337,273,2740,247,133],"class_list":["post-19310","post","type-post","status-publish","format-standard","has-post-thumbnail","hentry","category-comunas","category-gobierno","category-gore","category-region","tag-semanariolocal","tag-informacion","tag-noticias","tag-patricio-vallespin-2","tag-region-de-los-lagos","tag-semanario-local"],"_links":{"self":[{"href":"https:\/\/www.semanariolocal.cl\/index.php?rest_route=\/wp\/v2\/posts\/19310","targetHints":{"allow":["GET"]}}],"collection":[{"href":"https:\/\/www.semanariolocal.cl\/index.php?rest_route=\/wp\/v2\/posts"}],"about":[{"href":"https:\/\/www.semanariolocal.cl\/index.php?rest_route=\/wp\/v2\/types\/post"}],"author":[{"embeddable":true,"href":"https:\/\/www.semanariolocal.cl\/index.php?rest_route=\/wp\/v2\/users\/1"}],"replies":[{"embeddable":true,"href":"https:\/\/www.semanariolocal.cl\/index.php?rest_route=%2Fwp%2Fv2%2Fcomments&post=19310"}],"version-history":[{"count":1,"href":"https:\/\/www.semanariolocal.cl\/index.php?rest_route=\/wp\/v2\/posts\/19310\/revisions"}],"predecessor-version":[{"id":19312,"href":"https:\/\/www.semanariolocal.cl\/index.php?rest_route=\/wp\/v2\/posts\/19310\/revisions\/19312"}],"wp:featuredmedia":[{"embeddable":true,"href":"https:\/\/www.semanariolocal.cl\/index.php?rest_route=\/wp\/v2\/media\/19311"}],"wp:attachment":[{"href":"https:\/\/www.semanariolocal.cl\/index.php?rest_route=%2Fwp%2Fv2%2Fmedia&parent=19310"}],"wp:term":[{"taxonomy":"category","embeddable":true,"href":"https:\/\/www.semanariolocal.cl\/index.php?rest_route=%2Fwp%2Fv2%2Fcategories&post=19310"},{"taxonomy":"post_tag","embeddable":true,"href":"https:\/\/www.semanariolocal.cl\/index.php?rest_route=%2Fwp%2Fv2%2Ftags&post=19310"}],"curies":[{"name":"wp","href":"https:\/\/api.w.org\/{rel}","templated":true}]}}