{"id":19307,"date":"2024-01-24T18:15:16","date_gmt":"2024-01-24T21:15:16","guid":{"rendered":"https:\/\/www.semanariolocal.cl\/?p=19307"},"modified":"2024-01-24T18:15:17","modified_gmt":"2024-01-24T21:15:17","slug":"banco-mundial-y-corfo-los-lagos-promueven-negocios-sostenibles-en-acuicultura","status":"publish","type":"post","link":"https:\/\/www.semanariolocal.cl\/?p=19307","title":{"rendered":"Banco Mundial y Corfo Los Lagos promueven negocios sostenibles en acuicultura"},"content":{"rendered":"\n<p>El Banco Mundial ha establecido una Plataforma Asesora sobre Inversiones en Negocios Acu\u00edcolas para mejorar las pr\u00e1cticas en el desarrollo de la acuicultura considerando no solo la sostenibilidad econ\u00f3mica, sino que tambi\u00e9n la sostenibilidad social y ambiental de la industria. Fue en este contexto que en las oficinas de Corfo Los Lagos en Puerto Montt se reunieron los 2 expertos en acuicultura sostenible como parte de su gira en Chile, y en espec\u00edfico en la Regi\u00f3n de Los Lagos.<\/p>\n\n\n\n<p>Fred Formanek y la Dr. Rachel Mullins expertos mandatados por el Banco Mundial de la consultora Advance Africa quienes junto al director regional de Corfo Los Lagos Gabriel P\u00e9rez, el Gerente del Programa Estrat\u00e9gico Mejill\u00f3n de Chile, Javier Aros y 2 ejecutivos t\u00e9cnicos de Corfo expertos en el sector acu\u00edcola regional conocieron detalles de las iniciativas en salm\u00f3n, mit\u00edlidos y algas desarrolladas en la zona.<\/p>\n\n\n\n<p>Para la Dra. Rachel Mullins consultora experta, esta ha sido \u201c<em>una interesante reuni\u00f3n que nos da una mirada en profundo y el convencimiento de que la Industria Acu\u00edcola Chilena est\u00e1 en un buen camino y que en la regi\u00f3n se est\u00e1n tomando correctas decisiones que hay que llevar a cabo. Existe una gran variedad residuos que sin duda deben mejorar en su manejo, pero es una industria con un gran potencial sobre todo en oportunidades de la econom\u00eda circular(\u2026) creo que ser\u00eda muy importante enfocarse en este tipo de oportunidades. Una de las l\u00edneas estrat\u00e9gicas del banco para el sector acu\u00edcola y su papel, ciertamente es incluir aspectos de sostenibilidad y Corfo nos ha dado informaci\u00f3n muy \u00fatil para el desarrollo de esta visi\u00f3n estrat\u00e9gica(\u2026) hemos podido conocer casos de \u00e9xito, financiaci\u00f3n de programas acu\u00edcolas y sus principales desaf\u00edos para la inversi\u00f3n y su financiamiento<\/em>\u201d, se\u00f1al\u00f3.<\/p>\n\n\n\n<p>El director regional de Corfo Los Lagos, Gabriel P\u00e9rez se\u00f1al\u00f3 que \u201c<em>se est\u00e1 haciendo un trabajo de levantamiento de informaci\u00f3n para el Banco Mundial sobre la sostenibilidad de la industria, buscando favorecer el apoyo a la acuicultura de peque\u00f1a escala a trav\u00e9s del quehacer del Banco Mundial y de inversionistas privados, con un foco en los objetivos de desarrollo sostenibles y la mirada inclusiva del sector, considerando adem\u00e1s la relevancia de aspectos que permitan la protecci\u00f3n al medio ambiente y a las comunidades aleda\u00f1as a los sectores donde se realizan actividades acu\u00edcolas. Para ello era fundamental conocer las experiencias en acuicultura, mitilicultura y cultivo de algas, en Chile donde Corfo y el Comit\u00e9 de Desarrollo Productivo Los Lagos, han desplegado importantes esfuerzos que se alinean con una mirada de nivel internacional y en l\u00ednea con los preceptos que busca establecer el Banco Mundial para favorecer las inversiones en el sector acu\u00edcola, esperamos que esto fortalezca nuestro v\u00ednculo y de una mayor cercan\u00eda entre Chile, Sud\u00e1frica y otros pa\u00edses del sur con quienes podr\u00eda ser interesantes vincularnos para compartir experiencias y exportar no solo carne congelada sino que tambi\u00e9n nuestros conocimientos y de esa manera generar un polo de desarrollo y diversificaci\u00f3n productiva en el sector acu\u00edcola para el mundo, desde el Sur<\/em>\u201d se\u00f1al\u00f3<\/p>\n\n\n\n<p>Las Directrices de este estudio ser\u00e1n un \u201cdocumento vivo\u201d de acceso p\u00fablico. Los principales usuarios incluir\u00e1n, entre otros, gobiernos nacionales, inversores del sector privado (principalmente micro, peque\u00f1as y medianas empresas, socios para el desarrollo, ONG, donantes, organizaciones de investigaci\u00f3n y otras partes interesadas que trabajan en agricultura, cambio clim\u00e1tico y cuestiones medioambientales.<\/p>\n","protected":false},"excerpt":{"rendered":"<p>Los expertos mandatados por el Banco Mundial conocieron detalles sobre el Programa Estrat\u00e9gico Mejill\u00f3n de Chile, el Programa Territorial Integrado Salm\u00f3n Sostenible y el Programa Tecnol\u00f3gico Huiro Regenerativo, con tal de incluir informaci\u00f3n relevante en las directrices del Banco Mundial en su b\u00fasqueda de promover la innovaci\u00f3n y la sostenibilidad del sistema pesquero y acu\u00edcola en Chile.<\/p>\n","protected":false},"author":1,"featured_media":19308,"comment_status":"closed","ping_status":"closed","sticky":false,"template":"","format":"standard","meta":{"footnotes":""},"categories":[3,12,2406,9],"tags":[2118,2739,1179,337,1808,273,113,247,133],"class_list":["post-19307","post","type-post","status-publish","format-standard","has-post-thumbnail","hentry","category-al-dia","category-economia","category-empresas","category-gobierno","tag-semanariolocal","tag-banco-mudial","tag-corfo","tag-informacion","tag-inversion","tag-noticias","tag-puerto-montt","tag-region-de-los-lagos","tag-semanario-local"],"_links":{"self":[{"href":"https:\/\/www.semanariolocal.cl\/index.php?rest_route=\/wp\/v2\/posts\/19307","targetHints":{"allow":["GET"]}}],"collection":[{"href":"https:\/\/www.semanariolocal.cl\/index.php?rest_route=\/wp\/v2\/posts"}],"about":[{"href":"https:\/\/www.semanariolocal.cl\/index.php?rest_route=\/wp\/v2\/types\/post"}],"author":[{"embeddable":true,"href":"https:\/\/www.semanariolocal.cl\/index.php?rest_route=\/wp\/v2\/users\/1"}],"replies":[{"embeddable":true,"href":"https:\/\/www.semanariolocal.cl\/index.php?rest_route=%2Fwp%2Fv2%2Fcomments&post=19307"}],"version-history":[{"count":1,"href":"https:\/\/www.semanariolocal.cl\/index.php?rest_route=\/wp\/v2\/posts\/19307\/revisions"}],"predecessor-version":[{"id":19309,"href":"https:\/\/www.semanariolocal.cl\/index.php?rest_route=\/wp\/v2\/posts\/19307\/revisions\/19309"}],"wp:featuredmedia":[{"embeddable":true,"href":"https:\/\/www.semanariolocal.cl\/index.php?rest_route=\/wp\/v2\/media\/19308"}],"wp:attachment":[{"href":"https:\/\/www.semanariolocal.cl\/index.php?rest_route=%2Fwp%2Fv2%2Fmedia&parent=19307"}],"wp:term":[{"taxonomy":"category","embeddable":true,"href":"https:\/\/www.semanariolocal.cl\/index.php?rest_route=%2Fwp%2Fv2%2Fcategories&post=19307"},{"taxonomy":"post_tag","embeddable":true,"href":"https:\/\/www.semanariolocal.cl\/index.php?rest_route=%2Fwp%2Fv2%2Ftags&post=19307"}],"curies":[{"name":"wp","href":"https:\/\/api.w.org\/{rel}","templated":true}]}}