{"id":19253,"date":"2024-01-22T11:00:00","date_gmt":"2024-01-22T14:00:00","guid":{"rendered":"https:\/\/www.semanariolocal.cl\/?p=19253"},"modified":"2024-01-23T10:38:19","modified_gmt":"2024-01-23T13:38:19","slug":"direccion-del-trabajo-fiscalizo-a-choferes-de-camiones-para-controlar-fatiga-en-la-ruta","status":"publish","type":"post","link":"https:\/\/www.semanariolocal.cl\/?p=19253","title":{"rendered":"Direcci\u00f3n del Trabajo fiscaliz\u00f3 a choferes de camiones para controlar fatiga en la ruta"},"content":{"rendered":"\n<p>Fiscalizaciones a camiones en Lampa y Melipilla realiz\u00f3 este viernes la Direcci\u00f3n del Trabajo (DT) para verificar las jornadas de conducci\u00f3n y descanso de los choferes y evitar as\u00ed que manejen bajo los efectos de la fatiga que puede provocar accidentes carreteros graves y fatales.<\/p>\n\n\n\n<p>Los controles se efectuaron entre las 8 y las 10 de la ma\u00f1ana en conjunto con el Programa Nacional de Fiscalizaci\u00f3n del Ministerio de Transportes y Telecomunicaciones (MTT), que centr\u00f3 su inspecci\u00f3n en las condiciones t\u00e9cnicas y de seguridad de los veh\u00edculos.<\/p>\n\n\n\n<p>En Lampa las fiscalizaciones fueron encabezadas por el director nacional del Trabajo, Pablo Zenteno; la directora regional del trabajo Metropolitana Poniente, Laura V\u00e1squez, y el secretario ejecutivo del Programa Nacional de Fiscalizaci\u00f3n del MTT, \u00d3scar Carrasco. En el control tambi\u00e9n particip\u00f3 la Federaci\u00f3n Nacional de Sindicatos de Conductores de Buses y Camiones de Chile, Fenasicoch, representada por los dirigentes Alexis Escobar y Carlos Salazar.<\/p>\n\n\n\n<p>Pablo Zenteno explic\u00f3 que, en lo laboral, \u201clas fiscalizaciones se respaldan en el art\u00edculo 25 bis del C\u00f3digo del Trabajo y persiguen dos objetivos claros: primero, garantizar que los choferes de camiones no superen los tiempos m\u00e1ximos de conducci\u00f3n y cumplan con sus tiempos de descanso y, segundo, al asegurar el respeto de estas normas, ayudar a reducir los accidentes carreteros protagonizados por camiones por causa de la fatiga de sus conductores y que suelen ser de m\u00e1xima gravedad, muchas veces fatales, y causando v\u00edctimas ajenas a los conductores mismos\u201d.<\/p>\n\n\n\n<p>En efecto, seg\u00fan cifras de la Comisi\u00f3n Nacional de Seguridad en el Tr\u00e1nsito (Conaset), durante el a\u00f1o 2022 los camiones estuvieron involucrados en 6.536 accidentes en los cuales fallecieron 96 personas y otras 207 sufrieron lesiones de alta gravedad, 133 quedaron con lesiones menos graves y 950 libraron con lesiones leves.<\/p>\n\n\n\n<p>Esta vez en Lampa y Melipilla se realizaron 23 fiscalizaciones y se aplicaron 18 multas cuyos montos definitivos ser\u00e1n determinados cuando las empresas sancionadas entreguen documentaciones que les fueron requeridas.<\/p>\n\n\n\n<p>Las infracciones detectadas fueron el no tener o tenerlo con errores los registros de asistencia, jornada y descanso de los choferes de camiones. Se trata de un comprobante legal exigido para garantizar que esos derechos sean cabalmente respetados.&nbsp;<\/p>\n\n\n\n<p>La de hoy no es la primera fiscalizaci\u00f3n del a\u00f1o. El pasado 11 de enero, en el control carretero de Lampa, la DT y el MTT ya hab\u00edan realizado una fiscalizaci\u00f3n piloto a 11 camiones, constat\u00e1ndose infracciones en las normas sobre uso de litera y el no llevar registros de asistencia para verificar las jornadas de conducci\u00f3n, espera y descanso. Adem\u00e1s, se descubri\u00f3 un conductor extranjero en situaci\u00f3n de informalidad laboral.<\/p>\n\n\n\n<p><strong>Materias laborales fiscalizadas<\/strong><\/p>\n\n\n\n<p>Durante los controles inspectivos en Lampa y Melipilla se fiscaliz\u00f3:<\/p>\n\n\n\n<ul class=\"wp-block-list\">\n<li>Manejar m\u00e1s de cinco horas continuas.<\/li>\n\n\n\n<li>No otorgar un descanso m\u00ednimo de dos horas, despu\u00e9s de manejar cinco horas.<\/li>\n\n\n\n<li>No otorgar un descanso m\u00ednimo de veinticuatro minutos.<\/li>\n\n\n\n<li>No otorgar un descanso m\u00ednimo ininterrumpido de ocho horas.<\/li>\n\n\n\n<li>No llevar registro de asistencia y determinaci\u00f3n de las horas de trabajo.<\/li>\n\n\n\n<li>No llevar correctamente registro de asistencia y determinaci\u00f3n de las horas de trabajo.<\/li>\n\n\n\n<li>No contar el cami\u00f3n con litera adecuada para el descanso.<\/li>\n<\/ul>\n\n\n\n<p>Todas estas infracciones importan multas de entre 5 ($323.330) y 60 ($3.879.960) Unidades Tributarias Mensuales dependiendo de si la empresa de transporte de carga es micro, peque\u00f1a, mediana o grande.<\/p>\n\n\n\n<p><em>Nota: valor de la UTM en enero 2024: $64.666.<\/em><\/p>\n\n\n\n<p><strong>Fiscalizaciones en 2022 y 2023<\/strong><\/p>\n\n\n\n<p>Durante los a\u00f1os 2022 y 2023 la actividad inspectiva de la DT en el transporte de carga terrestre fue la siguiente:<\/p>\n\n\n\n<p>Denuncias recibidas:&nbsp;42<\/p>\n\n\n\n<p>Fiscalizaciones:&nbsp;417<\/p>\n\n\n\n<p>Por denuncia:&nbsp;&nbsp;&nbsp;&nbsp;&nbsp; 89<\/p>\n\n\n\n<p>Por programa:&nbsp;&nbsp; 328<\/p>\n\n\n\n<p>Materia m\u00e1s fiscalizada:<\/p>\n\n\n\n<p>Exceder jornada de 180 horas para trabajadores del transporte: 332<\/p>\n\n\n\n<p>Materias sancionadas:&nbsp;116<\/p>\n\n\n\n<p>Materias m\u00e1s sancionadas:&nbsp;<\/p>\n\n\n\n<p>Exceder el l\u00edmite m\u00e1ximo de 88 horas mensuales de tiempos de espera: 23<\/p>\n\n\n\n<p>Manejar m\u00e1s de 5 horas continuas: 23&nbsp;&nbsp;&nbsp;&nbsp;&nbsp;&nbsp;&nbsp;&nbsp;&nbsp;&nbsp;&nbsp;&nbsp;&nbsp;&nbsp;&nbsp;&nbsp;&nbsp;&nbsp;&nbsp;&nbsp;&nbsp;&nbsp;&nbsp;&nbsp;&nbsp;&nbsp;&nbsp;&nbsp;&nbsp;&nbsp;&nbsp;&nbsp;&nbsp;&nbsp;&nbsp;&nbsp;&nbsp;&nbsp;&nbsp;&nbsp;&nbsp;&nbsp;&nbsp;&nbsp;&nbsp;&nbsp;&nbsp;&nbsp;&nbsp;&nbsp;&nbsp;&nbsp;&nbsp;&nbsp;&nbsp;&nbsp;&nbsp;&nbsp;&nbsp;&nbsp;&nbsp;&nbsp;&nbsp;&nbsp;&nbsp;&nbsp;&nbsp;&nbsp;<\/p>\n\n\n\n<p>Exceder el m\u00e1ximo de 180 horas mensuales: 23&nbsp;&nbsp;&nbsp;&nbsp;&nbsp;&nbsp;&nbsp;&nbsp;&nbsp;&nbsp;&nbsp;&nbsp;&nbsp;&nbsp;&nbsp;&nbsp;&nbsp;&nbsp;&nbsp;&nbsp;&nbsp;&nbsp;&nbsp;&nbsp;&nbsp;&nbsp;&nbsp;&nbsp;&nbsp;&nbsp;&nbsp;&nbsp;&nbsp;&nbsp;&nbsp;&nbsp;&nbsp;&nbsp;&nbsp;&nbsp;&nbsp;&nbsp;&nbsp;&nbsp;&nbsp;&nbsp;&nbsp;&nbsp;&nbsp;&nbsp;&nbsp;&nbsp;<\/p>\n\n\n\n<p>No retribuir o compensar los tiempos de descanso a bordo o en tierra: 14<\/p>\n\n\n\n<p>No otorgar un descanso m\u00ednimo de 2 horas, despu\u00e9s de manejas 5 horas: 12<\/p>\n\n\n\n<p>Distribuir la jornada ordinaria mensual en menos de 21 d\u00edas al mes: 12<\/p>\n\n\n\n<p>Montos iniciales de multas aplicadas:&nbsp;<\/p>\n\n\n\n<p>$259.222.124, lo que signific\u00f3 un aumento del 81,6% entre ambos a\u00f1os.<\/p>\n","protected":false},"excerpt":{"rendered":"<p>Entre los a\u00f1os 2022 y 2023 la DT efectu\u00f3 417 controles y aplic\u00f3 116 sanciones. Fueron fiscalizados 23 camiones, 18 de cuyos conductores no contaban con sus registros de asistencia, jornada y descanso o los ten\u00edan con errores.<\/p>\n","protected":false},"author":1,"featured_media":19254,"comment_status":"closed","ping_status":"closed","sticky":false,"template":"","format":"standard","meta":{"footnotes":""},"categories":[20,3,9,2496],"tags":[2118,337,1045,2725,273,132,247,133,915],"class_list":["post-19253","post","type-post","status-publish","format-standard","has-post-thumbnail","hentry","category-agro","category-al-dia","category-gobierno","category-nacional","tag-semanariolocal","tag-informacion","tag-ministerio-de-transporte","tag-mtt","tag-noticias","tag-osorno","tag-region-de-los-lagos","tag-semanario-local","tag-transporte"],"_links":{"self":[{"href":"https:\/\/www.semanariolocal.cl\/index.php?rest_route=\/wp\/v2\/posts\/19253","targetHints":{"allow":["GET"]}}],"collection":[{"href":"https:\/\/www.semanariolocal.cl\/index.php?rest_route=\/wp\/v2\/posts"}],"about":[{"href":"https:\/\/www.semanariolocal.cl\/index.php?rest_route=\/wp\/v2\/types\/post"}],"author":[{"embeddable":true,"href":"https:\/\/www.semanariolocal.cl\/index.php?rest_route=\/wp\/v2\/users\/1"}],"replies":[{"embeddable":true,"href":"https:\/\/www.semanariolocal.cl\/index.php?rest_route=%2Fwp%2Fv2%2Fcomments&post=19253"}],"version-history":[{"count":1,"href":"https:\/\/www.semanariolocal.cl\/index.php?rest_route=\/wp\/v2\/posts\/19253\/revisions"}],"predecessor-version":[{"id":19255,"href":"https:\/\/www.semanariolocal.cl\/index.php?rest_route=\/wp\/v2\/posts\/19253\/revisions\/19255"}],"wp:featuredmedia":[{"embeddable":true,"href":"https:\/\/www.semanariolocal.cl\/index.php?rest_route=\/wp\/v2\/media\/19254"}],"wp:attachment":[{"href":"https:\/\/www.semanariolocal.cl\/index.php?rest_route=%2Fwp%2Fv2%2Fmedia&parent=19253"}],"wp:term":[{"taxonomy":"category","embeddable":true,"href":"https:\/\/www.semanariolocal.cl\/index.php?rest_route=%2Fwp%2Fv2%2Fcategories&post=19253"},{"taxonomy":"post_tag","embeddable":true,"href":"https:\/\/www.semanariolocal.cl\/index.php?rest_route=%2Fwp%2Fv2%2Ftags&post=19253"}],"curies":[{"name":"wp","href":"https:\/\/api.w.org\/{rel}","templated":true}]}}