{"id":19198,"date":"2024-01-17T08:00:00","date_gmt":"2024-01-17T11:00:00","guid":{"rendered":"https:\/\/www.semanariolocal.cl\/?p=19198"},"modified":"2024-01-18T12:17:53","modified_gmt":"2024-01-18T15:17:53","slug":"exitoso-proceso-uoh-concreta-mas-de-1-500-matriculas-en-el-primer-dia","status":"publish","type":"post","link":"https:\/\/www.semanariolocal.cl\/?p=19198","title":{"rendered":"Exitoso proceso: UOH concreta m\u00e1s de 1.500 matr\u00edculas en el primer d\u00eda"},"content":{"rendered":"\n<p>Una jornada ajetreada y de alta concurrencia tuvo la&nbsp;<a href=\"http:\/\/www.uoh.cl\/\" target=\"_blank\" rel=\"noreferrer noopener\">Universidad de O\u2019Higgins<\/a>&nbsp;(UOH) en su primer d\u00eda de matr\u00edculas 2024. Los\/as j\u00f3venes decidieron visitar las instalaciones del Campus Rancagua, muchos de ellos con sus padres o alg\u00fan familiar, para realizar presencialmente el tr\u00e1mite que les permiti\u00f3 acceder a una de las 27 carreras que ofrece la casa de estudios regional.<\/p>\n\n\n\n<p>Al cierre de la primera jornada, la cantidad de matr\u00edculas super\u00f3 las 1.500 para un total de 2.000 cupos que tiene considerado la UOH este 2024.<\/p>\n\n\n\n<p>\u201cEstamos contentos por los resultados y la alta convocatoria y porque adem\u00e1s es nuestro primer a\u00f1o como universidad acreditada y los resultados est\u00e1n a la vista. Ofertamos m\u00e1s de 2.000 cupos en nuestras 27 carreras y convocamos a 2.400 personas para que puedan venir a matricularse. Adem\u00e1s, tenemos nuestras carreras con listas de espera muy importantes. Hubo un gran inter\u00e9s por entrar a nuestra querida Universidad Estatal de O&#8217;Higgins\u201d, asegur\u00f3 la Rectora Fernanda Kri Amar.<\/p>\n\n\n\n<p>Por su parte, la directora de Admisi\u00f3n y Acceso Efectivo UOH, Su Hsen Sun, destac\u00f3 que \u201cel 87% de estas matr\u00edculas corresponden a ingreso PAES y el 13% restante es de ingresos especiales. Adem\u00e1s, nuestra matr\u00edcula est\u00e1 caracterizada mayormente por estudiantes que vienen con gratuidad y, en este proceso, el 67% de ellos, hasta el momento, se ha matriculado con gratuidad\u201d.<\/p>\n\n\n\n<p><strong>Jornada Intensa<\/strong><\/p>\n\n\n\n<p>Una afluencia constante se desarroll\u00f3 gran parte del d\u00eda en las instalaciones de la Universidad de O\u2019Higgins. Fernanda Ulloa, oriunda de Rancagua, quien se matricul\u00f3 en Pedagog\u00eda en Educaci\u00f3n B\u00e1sica, se\u00f1al\u00f3 que eligi\u00f3 la UOH porque \u201ces una muy buena universidad y la proximidad me permite quedarme en mi casa. Escog\u00ed esta carrera porque ense\u00f1ar es lo que m\u00e1s amo\u201d. Agreg\u00f3 que el proceso de matr\u00edcula fue \u201cs\u00faper r\u00e1pido y muy eficiente. Todos s\u00faper amables. Vine presencial porque fue m\u00e1s c\u00f3modo y puedes aclarar las dudas r\u00e1pidamente\u201d.<\/p>\n\n\n\n<p>Martina Figueroa, por su parte, se matricul\u00f3 en Terapia Ocupacional UOH e ingres\u00f3 por la v\u00eda de Deportista Destacado. \u201cEl proceso fue s\u00faper expedito, muy r\u00e1pido y s\u00faper f\u00e1cil. Estoy emocionada de haberme matriculado en esta Universidad. Vengo del colegio Quimahue y fui la primera matr\u00edcula de la carrera este 2024\u201d.<\/p>\n\n\n\n<p>Asimismo, el Delegado Presidencial de O\u2019Higgins, Fabio L\u00f3pez, asisti\u00f3 junto a su hija, Antonia L\u00f3pez, quien escogi\u00f3 Pedagog\u00eda en Ingl\u00e9s en la UOH. \u201cLo que me tiene doblemente contento es que mi hija haya elegido la Universidad de O\u2019Higgins y porque la vocaci\u00f3n pedag\u00f3gica es algo que este pa\u00eds necesita mucho. Ha sido un proceso expedito, con amplia afluencia de personas y nuevos alumnos, as\u00ed que feliz en lo personal y tambi\u00e9n por la Universidad y la regi\u00f3n\u201d.<\/p>\n\n\n\n<p>Constanza Arce, quien lleg\u00f3 desde el Colegio Nahuelcura de Machal\u00ed, eligi\u00f3 Medicina UOH. \u201cSoy de la regi\u00f3n y la Universidad me acomoda porque est\u00e1 cerca de mi casa y me gusta mucho porque tiene carreras relacionadas al \u00e1rea de la salud. Me sorprendi\u00f3 la organizaci\u00f3n, todo es muy r\u00e1pido y hay consultas que uno puede resolver f\u00e1cilmente\u201d.<\/p>\n","protected":false},"excerpt":{"rendered":"<p> El proceso de Admisi\u00f3n 2024 dej\u00f3 cifras positivas para la Estatal de O\u2019Higgins. Del total de postulaciones efectivas, un 62% escogi\u00f3 una carrera UOH en primera o segunda preferencia.<\/p>\n","protected":false},"author":1,"featured_media":19199,"comment_status":"closed","ping_status":"closed","sticky":false,"template":"","format":"standard","meta":{"footnotes":""},"categories":[3,11,2483],"tags":[2118,77,337,273,247,133,2105],"class_list":["post-19198","post","type-post","status-publish","format-standard","has-post-thumbnail","hentry","category-al-dia","category-educacion","category-region","tag-semanariolocal","tag-educacion","tag-informacion","tag-noticias","tag-region-de-los-lagos","tag-semanario-local","tag-universidad-bernardo-ohiggins"],"_links":{"self":[{"href":"https:\/\/www.semanariolocal.cl\/index.php?rest_route=\/wp\/v2\/posts\/19198","targetHints":{"allow":["GET"]}}],"collection":[{"href":"https:\/\/www.semanariolocal.cl\/index.php?rest_route=\/wp\/v2\/posts"}],"about":[{"href":"https:\/\/www.semanariolocal.cl\/index.php?rest_route=\/wp\/v2\/types\/post"}],"author":[{"embeddable":true,"href":"https:\/\/www.semanariolocal.cl\/index.php?rest_route=\/wp\/v2\/users\/1"}],"replies":[{"embeddable":true,"href":"https:\/\/www.semanariolocal.cl\/index.php?rest_route=%2Fwp%2Fv2%2Fcomments&post=19198"}],"version-history":[{"count":1,"href":"https:\/\/www.semanariolocal.cl\/index.php?rest_route=\/wp\/v2\/posts\/19198\/revisions"}],"predecessor-version":[{"id":19200,"href":"https:\/\/www.semanariolocal.cl\/index.php?rest_route=\/wp\/v2\/posts\/19198\/revisions\/19200"}],"wp:featuredmedia":[{"embeddable":true,"href":"https:\/\/www.semanariolocal.cl\/index.php?rest_route=\/wp\/v2\/media\/19199"}],"wp:attachment":[{"href":"https:\/\/www.semanariolocal.cl\/index.php?rest_route=%2Fwp%2Fv2%2Fmedia&parent=19198"}],"wp:term":[{"taxonomy":"category","embeddable":true,"href":"https:\/\/www.semanariolocal.cl\/index.php?rest_route=%2Fwp%2Fv2%2Fcategories&post=19198"},{"taxonomy":"post_tag","embeddable":true,"href":"https:\/\/www.semanariolocal.cl\/index.php?rest_route=%2Fwp%2Fv2%2Ftags&post=19198"}],"curies":[{"name":"wp","href":"https:\/\/api.w.org\/{rel}","templated":true}]}}